{"id":45409,"date":"2025-04-06T14:44:56","date_gmt":"2025-04-06T14:44:56","guid":{"rendered":"https:\/\/247stiri.ro\/index.php\/2025\/04\/06\/ambulanta-din-cluj-implicata-intr-un-accident-o-fata-de-10-ani-a-ajuns-la-spital\/"},"modified":"2025-04-06T14:44:56","modified_gmt":"2025-04-06T14:44:56","slug":"ambulanta-din-cluj-implicata-intr-un-accident-o-fata-de-10-ani-a-ajuns-la-spital","status":"publish","type":"post","link":"https:\/\/247stiri.ro\/index.php\/2025\/04\/06\/ambulanta-din-cluj-implicata-intr-un-accident-o-fata-de-10-ani-a-ajuns-la-spital\/","title":{"rendered":"Ambulan\u021b\u0103 din Cluj, implicat\u0103 \u00eentr-un accident. O fat\u0103 de 10 ani a ajuns la spital"},"content":{"rendered":"<p>O ambulan\u021b\u0103 SMURD de terapie intensiv\u0103 mobil\u0103 din cadrul Deta\u0219amentului 2 Cluj-Napoca, aflat\u0103 \u00een misiune, av\u00e2nd semnalele acustice \u0219i luminoase \u00een func\u021biune, a fost implicat\u0103 \u00een urm\u0103 cu pu\u021bine momente \u00eentr-un accident rutier petrecut pe raza localit\u0103\u021bii Bune\u0219ti. Aceasta efectua transportul unei paciente de aproximativ 80 de ani de la o unitate spitaliceasc\u0103 din Cluj-Napoca spre spitalul din Dej.<\/p>\n<p>Din fericire, pacienta din ambulan\u021ba SMURD \u0219i membrii echipajului nu au suferit leziuni. \u00cen accident a mai fost implicat un autoturism, astfel c\u0103 la fa\u021ba locului au intervenit \u00een sprijin dou\u0103 ambulan\u021be SAJ \u0219i o ambulan\u021b\u0103 SMURD. Un b\u0103rbat \u0219i o minor\u0103 de aproximativ 10 ani au fost asista\u021bi la fa\u021ba locului, cea din urm\u0103 necesit\u00e2nd transportul la spital pentru investiga\u021bii suplimentare. La o prim\u0103 evaluare, ambii prezentau afec\u021biuni u\u0219oare.<\/p>\n<p>Totodat\u0103, pacienta de aproximativ 80 de ani, aflat\u0103 \u00een ambulan\u021ba SMURD, este transportat\u0103 la spital cu o ambulan\u021b\u0103 SAJ. Nu s-a impus interven\u021bia pompierilor, \u00eentruc\u00e2t nu au existat victime \u00eencarcerate \u0219i nu s-au raportat scurgeri de carburan\u021bi\u201d, a transmis ISU Cluj<\/p>","protected":false},"excerpt":{"rendered":"<p>O ambulan\u021b\u0103 SMURD de terapie intensiv\u0103 mobil\u0103 din cadrul Deta\u0219amentului 2 Cluj-Napoca, aflat\u0103 \u00een misiune,&hellip;<\/p>\n","protected":false},"author":0,"featured_media":45410,"comment_status":"open","ping_status":"open","sticky":false,"template":"","format":"standard","meta":{"footnotes":""},"categories":[2],"tags":[],"class_list":["post-45409","post","type-post","status-publish","format-standard","has-post-thumbnail","hentry","category-actual"],"_links":{"self":[{"href":"https:\/\/247stiri.ro\/index.php\/wp-json\/wp\/v2\/posts\/45409","targetHints":{"allow":["GET"]}}],"collection":[{"href":"https:\/\/247stiri.ro\/index.php\/wp-json\/wp\/v2\/posts"}],"about":[{"href":"https:\/\/247stiri.ro\/index.php\/wp-json\/wp\/v2\/types\/post"}],"replies":[{"embeddable":true,"href":"https:\/\/247stiri.ro\/index.php\/wp-json\/wp\/v2\/comments?post=45409"}],"version-history":[{"count":0,"href":"https:\/\/247stiri.ro\/index.php\/wp-json\/wp\/v2\/posts\/45409\/revisions"}],"wp:featuredmedia":[{"embeddable":true,"href":"https:\/\/247stiri.ro\/index.php\/wp-json\/wp\/v2\/media\/45410"}],"wp:attachment":[{"href":"https:\/\/247stiri.ro\/index.php\/wp-json\/wp\/v2\/media?parent=45409"}],"wp:term":[{"taxonomy":"category","embeddable":true,"href":"https:\/\/247stiri.ro\/index.php\/wp-json\/wp\/v2\/categories?post=45409"},{"taxonomy":"post_tag","embeddable":true,"href":"https:\/\/247stiri.ro\/index.php\/wp-json\/wp\/v2\/tags?post=45409"}],"curies":[{"name":"wp","href":"https:\/\/api.w.org\/{rel}","templated":true}]}}