{"id":45414,"date":"2025-04-06T14:44:58","date_gmt":"2025-04-06T14:44:58","guid":{"rendered":"https:\/\/247stiri.ro\/index.php\/2025\/04\/06\/sase-barbati-arestati-preventiv-dupa-ce-au-furat-cabluri-de-cupru-in-judetul-brasov\/"},"modified":"2025-04-06T14:44:58","modified_gmt":"2025-04-06T14:44:58","slug":"sase-barbati-arestati-preventiv-dupa-ce-au-furat-cabluri-de-cupru-in-judetul-brasov","status":"publish","type":"post","link":"https:\/\/247stiri.ro\/index.php\/2025\/04\/06\/sase-barbati-arestati-preventiv-dupa-ce-au-furat-cabluri-de-cupru-in-judetul-brasov\/","title":{"rendered":"\u015ease b\u0103rba\u0163i, aresta\u0163i preventiv dup\u0103 ce au furat cabluri de cupru \u00een jude\u0163ul Bra\u015fov"},"content":{"rendered":"<p>\u201dPoli\u0163i\u015ftii din cadrul Poli\u0163iei Municipiului Bra\u015fov &#8211; Biroul de Investiga\u0163ii Criminale, \u00een colaborare cu poli\u0163i\u015fti din cadrul mai multor structuri operative, au reu\u015fit prinderea \u00een flagrant \u015fi re\u0163inerea a \u015fase b\u0103rba\u0163i, cu v\u00e2rste cuprinse \u00eentre 22 \u015fi 45 de ani, b\u0103nui\u0163i de s\u0103v\u00e2r\u015firea unor infrac\u0163iuni de furt calificat\u201d, anun\u0163\u0103, duminic\u0103, IPJ Bra\u015fov.<\/p>\n<p>Sursa citat\u0103 a precizat c\u0103 ancheta a pornit dup\u0103 ce, \u00een cursul lunii martie 2025, au fost \u00eenregistrate mai multe pl\u00e2ngeri cu privire la furturi comise de persoane necunoscute \u00een municipiul Bra\u015fov, precum \u015fi \u00een zona de competen\u0163\u0103 a Sec\u0163iei de Poli\u0163ie Rural\u0103 Feldioara.<\/p>\n<p>\u201dAstfel, pentru identificarea \u015fi prinderea celor care ar fi s\u0103v\u00e2r\u015fit faptele sesizate, poli\u0163i\u015ftii au efectuat mai multe activit\u0103\u0163i operative \u015fi de investigare, au analizat o serie de imagini surprinse de camere de supraveghere din jude\u0163, iar toate acestea au dus la conturarea unui cerc de persoane b\u0103nuite de comiterea infrac\u0163iunilor cercetate, acestea provenind din comuna V\u00e2lcele, satul Araci, jude\u0163ul Covasna\u201d, a mai transmis sursa citat\u0103.<\/p>\n<p>Poli\u0163i\u015ftii au f\u0103cut mai multe razii nocturne, iar la data de 5 aprilie, s-a reu\u015fit prinderea \u00een flagrant a \u015fase b\u0103rba\u0163i care se deplasau cu trei autoturisme din direc\u0163ia ora\u015fului Bu\u015fteni c\u0103tre satul Araci comuna V\u00e2lcele, imediat dup\u0103 comiterea unei infrac\u0163iuni de furt calificat.<\/p>\n<p>\u201dCei \u00een cauz\u0103 ar fi sustras din curtea unei societ\u0103\u0163i comerciale, din ora\u015ful Bu\u015fteni, jude\u0163ul Prahova, aproximativ 262 de metri de cablu electric din cupru, cu o valoare estimat\u0103 la aproximativ 87.000 de lei. B\u0103rba\u0163ii au fost surprin\u015fi \u00een flagrant de c\u0103tre poli\u0163i\u015fti imediat dup\u0103 comiterea faptei, iar ulterior, cu sprijinul lupt\u0103torilor din cadrul Serviciilor pentru Ac\u0163iuni Speciale Bra\u015fov \u015fi Covasna, al poli\u0163i\u015ftilor din cadrul Sec\u0163iei de Poli\u0163ie Rural\u0103 Sf\u00e2ntu Gheorghe, al celor din cadrul Serviciului Criminalistic, precum \u015fi al altor subunit\u0103\u0163i de poli\u0163ie din cadrul I.P.J. Bra\u015fov, au fost puse \u00een executare nou\u0103 mandate de perchezi\u0163ie domiciliar\u0103 la adresele persoanelor b\u0103nuite, precum \u015fi ale unor persoane din anturajul acestora\u201d, a precizat IPJ Bra\u015fov.<\/p>\n<p>\u00cen urma perchezi\u0163iilor, au fost identificate \u015fi ridicate mai multe probe, au fost indisponibilizate dou\u0103 autoturisme, pe l\u00e2ng\u0103 cele trei utilizate de suspec\u0163i la momentul prinderii \u00een flagrant, precum \u015fi suma de aproximativ 22.000 de lei.<\/p>\n<p>De asemenea, pe numele celor \u015fase b\u0103rba\u0163i identifica\u0163i, poli\u0163i\u015ftii au dispus efectuarea \u00een continuare a urm\u0103ririi penale sub aspectul s\u0103v\u00e2r\u015firii infrac\u0163iunii de furt calificat \u015fi re\u0163inerea acestora pentru o perioad\u0103 de 24 de ore, cu introducerea lor \u00een Centrul de Re\u0163inere \u015fi Arestare Preventiv\u0103 al I.P.J. Bra\u015fov.<\/p>\n<p>Ulterior, cei \u015fase au fost aresta\u0163i preventiv pentru 30 de zile.<\/p>","protected":false},"excerpt":{"rendered":"<p>\u201dPoli\u0163i\u015ftii din cadrul Poli\u0163iei Municipiului Bra\u015fov &#8211; Biroul de Investiga\u0163ii Criminale, \u00een colaborare cu poli\u0163i\u015fti&hellip;<\/p>\n","protected":false},"author":0,"featured_media":45415,"comment_status":"open","ping_status":"open","sticky":false,"template":"","format":"standard","meta":{"footnotes":""},"categories":[2],"tags":[],"class_list":["post-45414","post","type-post","status-publish","format-standard","has-post-thumbnail","hentry","category-actual"],"_links":{"self":[{"href":"https:\/\/247stiri.ro\/index.php\/wp-json\/wp\/v2\/posts\/45414","targetHints":{"allow":["GET"]}}],"collection":[{"href":"https:\/\/247stiri.ro\/index.php\/wp-json\/wp\/v2\/posts"}],"about":[{"href":"https:\/\/247stiri.ro\/index.php\/wp-json\/wp\/v2\/types\/post"}],"replies":[{"embeddable":true,"href":"https:\/\/247stiri.ro\/index.php\/wp-json\/wp\/v2\/comments?post=45414"}],"version-history":[{"count":0,"href":"https:\/\/247stiri.ro\/index.php\/wp-json\/wp\/v2\/posts\/45414\/revisions"}],"wp:featuredmedia":[{"embeddable":true,"href":"https:\/\/247stiri.ro\/index.php\/wp-json\/wp\/v2\/media\/45415"}],"wp:attachment":[{"href":"https:\/\/247stiri.ro\/index.php\/wp-json\/wp\/v2\/media?parent=45414"}],"wp:term":[{"taxonomy":"category","embeddable":true,"href":"https:\/\/247stiri.ro\/index.php\/wp-json\/wp\/v2\/categories?post=45414"},{"taxonomy":"post_tag","embeddable":true,"href":"https:\/\/247stiri.ro\/index.php\/wp-json\/wp\/v2\/tags?post=45414"}],"curies":[{"name":"wp","href":"https:\/\/api.w.org\/{rel}","templated":true}]}}