{"id":45422,"date":"2025-04-06T15:44:53","date_gmt":"2025-04-06T15:44:53","guid":{"rendered":"https:\/\/247stiri.ro\/index.php\/2025\/04\/06\/perchezitii-in-arad-la-braconieri-a-fost-gasit-un-intreg-arsenal-dar-si-un-cerb-in-captivitate\/"},"modified":"2025-04-06T15:44:53","modified_gmt":"2025-04-06T15:44:53","slug":"perchezitii-in-arad-la-braconieri-a-fost-gasit-un-intreg-arsenal-dar-si-un-cerb-in-captivitate","status":"publish","type":"post","link":"https:\/\/247stiri.ro\/index.php\/2025\/04\/06\/perchezitii-in-arad-la-braconieri-a-fost-gasit-un-intreg-arsenal-dar-si-un-cerb-in-captivitate\/","title":{"rendered":"Perchezi\u021bii \u00een Arad la braconieri A fost g\u0103sit un \u00eentreg arsenal, dar \u0219i un cerb \u00een captivitate"},"content":{"rendered":"<p>\u201d\u00cen urma celor 28 de perchezi\u0163ii desf\u0103\u015furate \u00een diminea\u0163a zilei de 6 aprilie 2025, \u00een jude\u0163ul Arad, \u00eentr-un dosar penal \u00een care se cerceteaz\u0103 s\u0103v\u00e2r\u015firea infrac\u0163iunilor de nerespectarea regimului armelor \u015fi muni\u0163iilor \u015fi braconaj cinegetic, poli\u0163i\u015ftii au ridicat, \u00een vederea confisc\u0103rii, 14 arme letale, de\u0163inute ilegal, 2 \u0163evi de arm\u0103 letal\u0103, 3 dispozitive de vedere pe timp de noapte, 2.860 de cartu\u015fe de diferite calibre, componente de arme, matri\u0163e \u015fi prese pentru confec\u0163ionarea de muni\u0163ie artizanal\u0103, 500 de grame de pulbere pentru confec\u0163ionarea de muni\u0163ie, cu\u0163ite de v\u00e2n\u0103toare \u015fi alte bunuri \u015fi obiecte susceptibile a fi utilizate pentru braconaj\u201d, au transmis, duminic\u0103 dup\u0103-amiaz\u0103, poli\u0163i\u015ftii din Arad.<\/p>\n<p>De asemenea, la perchezi\u0163ii s-au mai g\u0103sit: o capcan\u0103 pentru animale s\u0103lbatice, 243 de trofee provenite de la animale s\u0103lbatice, 81 de kilograme de carne de v\u00e2nat \u015fi produse procesate.<\/p>\n<p>\u201dDe asemenea, poli\u0163i\u015ftii au identificat un animal s\u0103lbatic, specia c\u0103prior, \u00een captivitate, care a fost\u00a0 predat Ocolului Silvic Gurahon\u0163, \u00een vederea reintegr\u0103rii \u00een habitatul s\u0103u natural. P\u00e2n\u0103 \u00een acest moment, au fost re\u0163inu\u0163i doi b\u0103rba\u0163i, \u00een urma administr\u0103rii probatoriului urm\u00e2nd a fi luate \u015fi alte m\u0103suri, dac\u0103 se impun\u201d, a precizat IPJ Arad.<\/p>\n<p>Cercet\u0103rile sunt continuate de poli\u0163i\u015ftii Serviciului Arme, Explozivi \u015fi Substan\u0163e Periculoase, sub coordonarea Parchetului de pe l\u00e2ng\u0103 Judec\u0103toria Gurahon\u0163.<\/p>\n<p>\u00a0<\/p>\n<p>Anchetatorii au f\u0103cut, duminic\u0103 diminea\u0163\u0103, 28 de perchezi\u0163ii \u00een jude\u0163ul Arad.<\/p>","protected":false},"excerpt":{"rendered":"<p>\u201d\u00cen urma celor 28 de perchezi\u0163ii desf\u0103\u015furate \u00een diminea\u0163a zilei de 6 aprilie 2025, \u00een&hellip;<\/p>\n","protected":false},"author":0,"featured_media":45423,"comment_status":"open","ping_status":"open","sticky":false,"template":"","format":"standard","meta":{"footnotes":""},"categories":[2],"tags":[],"class_list":["post-45422","post","type-post","status-publish","format-standard","has-post-thumbnail","hentry","category-actual"],"_links":{"self":[{"href":"https:\/\/247stiri.ro\/index.php\/wp-json\/wp\/v2\/posts\/45422","targetHints":{"allow":["GET"]}}],"collection":[{"href":"https:\/\/247stiri.ro\/index.php\/wp-json\/wp\/v2\/posts"}],"about":[{"href":"https:\/\/247stiri.ro\/index.php\/wp-json\/wp\/v2\/types\/post"}],"replies":[{"embeddable":true,"href":"https:\/\/247stiri.ro\/index.php\/wp-json\/wp\/v2\/comments?post=45422"}],"version-history":[{"count":0,"href":"https:\/\/247stiri.ro\/index.php\/wp-json\/wp\/v2\/posts\/45422\/revisions"}],"wp:featuredmedia":[{"embeddable":true,"href":"https:\/\/247stiri.ro\/index.php\/wp-json\/wp\/v2\/media\/45423"}],"wp:attachment":[{"href":"https:\/\/247stiri.ro\/index.php\/wp-json\/wp\/v2\/media?parent=45422"}],"wp:term":[{"taxonomy":"category","embeddable":true,"href":"https:\/\/247stiri.ro\/index.php\/wp-json\/wp\/v2\/categories?post=45422"},{"taxonomy":"post_tag","embeddable":true,"href":"https:\/\/247stiri.ro\/index.php\/wp-json\/wp\/v2\/tags?post=45422"}],"curies":[{"name":"wp","href":"https:\/\/api.w.org\/{rel}","templated":true}]}}