{"id":45425,"date":"2025-04-06T15:44:54","date_gmt":"2025-04-06T15:44:54","guid":{"rendered":"https:\/\/247stiri.ro\/index.php\/2025\/04\/06\/donald-trump-a-ajuns-la-ce-si-a-propus-cu-tarifele-50-de-tari-cer-negocieri-urgente-cu-washingtonul\/"},"modified":"2025-04-06T15:44:54","modified_gmt":"2025-04-06T15:44:54","slug":"donald-trump-a-ajuns-la-ce-si-a-propus-cu-tarifele-50-de-tari-cer-negocieri-urgente-cu-washingtonul","status":"publish","type":"post","link":"https:\/\/247stiri.ro\/index.php\/2025\/04\/06\/donald-trump-a-ajuns-la-ce-si-a-propus-cu-tarifele-50-de-tari-cer-negocieri-urgente-cu-washingtonul\/","title":{"rendered":"Donald Trump a ajuns la ce \u0219i-a propus, cu tarifele. 50 de \u021b\u0103ri cer negocieri urgente cu Washingtonul"},"content":{"rendered":"<p>\u00a0Peste 50 de \u0163\u0103ri au luat leg\u0103tura cu Casa Alb\u0103 pentru a \u00eencepe negocieri comerciale, a declarat duminic\u0103 Kevin Hassett, directorul Consiliului Economic Na\u0163ional al pre\u015fedintelui Donald Trump, \u00een timp ce oficialii americani \u00eencearc\u0103 s\u0103 apere noile tarife vamale extinse care au declan\u015fat turbulen\u0163e la nivel global, relateaz\u0103 Reuters.<\/p>\n<p>\u00centr-un interviu acordat emisiunii This Week de la ABC News, Hassett a negat c\u0103 tarifele ar face parte dintr-o strategie a pre\u015fedintelui Trump de a provoca o pr\u0103bu\u015fire a pie\u0163elor financiare pentru a for\u0163a Rezerva Federal\u0103 s\u0103 reduc\u0103 dob\u00e2nzile.<\/p>\n<p>\u201dNu va exista niciun fel de coerci\u0163ie politic\u0103 asupra b\u0103ncii centrale,\u201d a spus el<\/p>\n<p>Declara\u0163ia vine dup\u0103 ce Trump a distribuit vineri pe platforma Truth Social un videoclip care sugera c\u0103 tarifele ar fi fost concepute inten\u0163ionat pentru a lovi pia\u0163a bursier\u0103 \u015fi a determina Fed s\u0103 ac\u0163ioneze.<\/p>\n<p>\u00centr-un interviu separat acordat emisiunii Meet the Press de la NBC News, secretarul Trezoreriei, Scott Bessent, a minimalizat sc\u0103derea burselor \u015fi a declarat c\u0103 nu exist\u0103 \u201dniciun motiv\u201d s\u0103 se anticipeze o recesiune din cauza tarifelor.<\/p>\n<p>Anun\u0163ul lui Trump de miercuri privind tarife generalizate pentru importuri a zguduit economiile globale, provoc\u00e2nd reac\u0163ii dure din partea Chinei \u015fi temeri privind un r\u0103zboi comercial global \u015fi o posibil\u0103 recesiune.<\/p>\n<p>Duminic\u0103 diminea\u0163\u0103, oficialii de top ai administra\u0163iei Trump au \u00eencercat s\u0103 prezinte tarifele ca parte a unei repozi\u0163ion\u0103ri strategice a SUA \u00een ordinea comercial\u0103 global\u0103, sus\u0163in\u00e2nd c\u0103 turbulen\u0163ele sunt doar efecte pe termen scurt.<\/p>\n<p>Bursele americane au pierdut aproximativ 10% \u00een doar dou\u0103 zile dup\u0103 anun\u0163ul noii politici comerciale, sc\u0103dere pe care anali\u015ftii de pia\u0163\u0103 o atribuie agresivit\u0103\u0163ii tarifelor, considerate de majoritatea economi\u015ftilor \u015fi de pre\u015fedintele Fed drept factori care pot stimula infla\u0163ia \u015fi fr\u00e2na cre\u015fterea economic\u0103.<\/p>\n<p>Pie\u0163ele financiare, bulversate de tarife, se preg\u0103tesc pentru o nou\u0103 s\u0103pt\u0103m\u00e2n\u0103 de volatilitate, dup\u0103 ce s\u0103pt\u0103m\u00e2na trecut\u0103 a fost cea mai slab\u0103 pentru ac\u0163iunile americane de la criza COVID-19 din urm\u0103 cu cinci ani.<\/p>\n<p>Hassett a declarat c\u0103, \u00een urma impunerii tarifelor, \u201dpeste 50 de \u0163\u0103ri\u201d au contactat Casa Alb\u0103 pentru a \u00eencepe negocieri comerciale.<\/p>\n<p>Duminic\u0103, pre\u015fedintele Taiwanului, Lai Ching-te, a propus ini\u0163ierea unor discu\u0163ii cu SUA pe baza tarifelor zero, promi\u0163\u00e2nd eliminarea barierelor comerciale \u00een locul aplic\u0103rii unor m\u0103suri de retorsiune, \u015fi anun\u0163\u00e2nd investi\u0163ii suplimentare ale companiilor taiwaneze \u00een SUA.<\/p>\n<p>Spre deosebire de al\u0163i economi\u015fti, Hassett a sus\u0163inut c\u0103 impactul asupra consumatorilor va fi redus, deoarece exportatorii vor fi nevoi\u0163i s\u0103 reduc\u0103 pre\u0163urile pentru a r\u0103m\u00e2ne competitivi.<\/p>\n<p>Bessent, la r\u00e2ndul s\u0103u, a respins ideea unei recesiuni, indic\u00e2nd datele solide privind ocuparea for\u0163ei de munc\u0103: \u201dCifrele de vineri privind locurile de munc\u0103 au fost peste a\u015ftept\u0103ri. Economia avanseaz\u0103, deci nu v\u0103d niciun motiv s\u0103 lu\u0103m \u00een calcul o recesiune,\u201d a spus el.<\/p>","protected":false},"excerpt":{"rendered":"<p>\u00a0Peste 50 de \u0163\u0103ri au luat leg\u0103tura cu Casa Alb\u0103 pentru a \u00eencepe negocieri comerciale,&hellip;<\/p>\n","protected":false},"author":0,"featured_media":45419,"comment_status":"open","ping_status":"open","sticky":false,"template":"","format":"standard","meta":{"footnotes":""},"categories":[2],"tags":[],"class_list":["post-45425","post","type-post","status-publish","format-standard","has-post-thumbnail","hentry","category-actual"],"_links":{"self":[{"href":"https:\/\/247stiri.ro\/index.php\/wp-json\/wp\/v2\/posts\/45425","targetHints":{"allow":["GET"]}}],"collection":[{"href":"https:\/\/247stiri.ro\/index.php\/wp-json\/wp\/v2\/posts"}],"about":[{"href":"https:\/\/247stiri.ro\/index.php\/wp-json\/wp\/v2\/types\/post"}],"replies":[{"embeddable":true,"href":"https:\/\/247stiri.ro\/index.php\/wp-json\/wp\/v2\/comments?post=45425"}],"version-history":[{"count":0,"href":"https:\/\/247stiri.ro\/index.php\/wp-json\/wp\/v2\/posts\/45425\/revisions"}],"wp:featuredmedia":[{"embeddable":true,"href":"https:\/\/247stiri.ro\/index.php\/wp-json\/wp\/v2\/media\/45419"}],"wp:attachment":[{"href":"https:\/\/247stiri.ro\/index.php\/wp-json\/wp\/v2\/media?parent=45425"}],"wp:term":[{"taxonomy":"category","embeddable":true,"href":"https:\/\/247stiri.ro\/index.php\/wp-json\/wp\/v2\/categories?post=45425"},{"taxonomy":"post_tag","embeddable":true,"href":"https:\/\/247stiri.ro\/index.php\/wp-json\/wp\/v2\/tags?post=45425"}],"curies":[{"name":"wp","href":"https:\/\/api.w.org\/{rel}","templated":true}]}}