{"id":45426,"date":"2025-04-06T15:44:54","date_gmt":"2025-04-06T15:44:54","guid":{"rendered":"https:\/\/247stiri.ro\/index.php\/2025\/04\/06\/ucrainean-de-44-de-ani-ratacit-prin-muntii-maramuresului-s-a-dus-in-varf-de-munte-imbracat-ca-de-discoteca\/"},"modified":"2025-04-06T15:44:54","modified_gmt":"2025-04-06T15:44:54","slug":"ucrainean-de-44-de-ani-ratacit-prin-muntii-maramuresului-s-a-dus-in-varf-de-munte-imbracat-ca-de-discoteca","status":"publish","type":"post","link":"https:\/\/247stiri.ro\/index.php\/2025\/04\/06\/ucrainean-de-44-de-ani-ratacit-prin-muntii-maramuresului-s-a-dus-in-varf-de-munte-imbracat-ca-de-discoteca\/","title":{"rendered":"Ucrainean de 44 de ani, r\u0103t\u0103cit prin Mun\u021bii Maramure\u0219ului. S-a dus \u00een v\u00e2rf de munte \u00eembr\u0103cat ca de discotec\u0103"},"content":{"rendered":"<p>\u201dAc\u0163iune de c\u0103utare &#8211; salvare a SPJ Salvamont Maramure\u015f, structura profesionist\u0103 de salvare montan\u0103 a Consiliului Jude\u0163ean Maramure\u015f, \u00een zona M-\u0163ii Maramure\u015fului pentru g\u0103sirea unui cet\u0103\u0163ean ucrainean de 44 ani care nu se mai poate deplasa \u015fi e \u00een hipotermie, fiind \u00eembr\u0103cat cu o pereche de blugi, o geac\u0103 \u015fi \u00eenc\u0103l\u0163at cu pantofi sport\u201d, anun\u0163\u0103, duminic\u0103, Salvamomt Maramure\u015f.<\/p>\n<p>\u00a0<\/p>\n<p>Susa citat\u0103 a transmis c\u0103 alerta a fost dat\u0103 de un alt ucrainean care a fost recuperat de poli\u0163i\u015ftii de frontier\u0103 de la Poienile de sub Munte.<\/p>\n<p>\u201dNu \u015ftie exact unde e cel din munte, oferindu-ne ni\u015fte informa\u0163ii destul de vagi \u015fi din p\u0103cate nu se poate lua leg\u0103tur\u0103 cu ucraineanul din munte acesta nemaiav\u00e2nd baterie la telefon.Av\u00e2nd \u00een vedere situa\u0163ia delicat\u0103 \u015fi echipamentul sumar al ucraineanului din munte precum \u015fi temperaturile extrem de sc\u0103zute din munte s-a decis plecarea unei echipe de salvatori montani care va face jonc\u0163iunea cu o echipa a Poli\u0163iei de Frontier\u0103 Poienile de sub Munte, structura din cadrul ITPF Sighetu Marma\u0163iei pentru a \u00eencerca s\u0103 \u00eel g\u0103sim \u015fi s\u0103 \u00eel salv\u0103m\u201d, au mai transmis salvamonti\u015ftii.<\/p>\n<p>\u00a0<\/p>\n\n<p>Ace\u015ftia avertizeaz\u0103 c\u0103 riscul de a nu supravie\u0163ui dac\u0103 r\u00e2m\u00e2ne la noapte pe munte este extrem de ridicat.<\/p>\n<p>\u00a0<\/p>\n<p>\u201dA fost solicitat elicopterul de la POA Jibou care a r\u0103spuns extrem de repede decol\u00e2nd \u00een sprijinul salvatorilor, dar, din p\u0103cate, ajun\u015fi \u00een zona datorit\u0103 timpului extrem de nefavorabil au trebuit s\u0103 se retrag\u0103 \u015fi s\u0103 anuleze misiune aero\u201d, a mai precizat Salvamont Maramure\u015f.<\/p>\n<p>\u00a0<\/p>","protected":false},"excerpt":{"rendered":"<p>\u201dAc\u0163iune de c\u0103utare &#8211; salvare a SPJ Salvamont Maramure\u015f, structura profesionist\u0103 de salvare montan\u0103 a&hellip;<\/p>\n","protected":false},"author":0,"featured_media":45427,"comment_status":"open","ping_status":"open","sticky":false,"template":"","format":"standard","meta":{"footnotes":""},"categories":[2],"tags":[],"class_list":["post-45426","post","type-post","status-publish","format-standard","has-post-thumbnail","hentry","category-actual"],"_links":{"self":[{"href":"https:\/\/247stiri.ro\/index.php\/wp-json\/wp\/v2\/posts\/45426","targetHints":{"allow":["GET"]}}],"collection":[{"href":"https:\/\/247stiri.ro\/index.php\/wp-json\/wp\/v2\/posts"}],"about":[{"href":"https:\/\/247stiri.ro\/index.php\/wp-json\/wp\/v2\/types\/post"}],"replies":[{"embeddable":true,"href":"https:\/\/247stiri.ro\/index.php\/wp-json\/wp\/v2\/comments?post=45426"}],"version-history":[{"count":0,"href":"https:\/\/247stiri.ro\/index.php\/wp-json\/wp\/v2\/posts\/45426\/revisions"}],"wp:featuredmedia":[{"embeddable":true,"href":"https:\/\/247stiri.ro\/index.php\/wp-json\/wp\/v2\/media\/45427"}],"wp:attachment":[{"href":"https:\/\/247stiri.ro\/index.php\/wp-json\/wp\/v2\/media?parent=45426"}],"wp:term":[{"taxonomy":"category","embeddable":true,"href":"https:\/\/247stiri.ro\/index.php\/wp-json\/wp\/v2\/categories?post=45426"},{"taxonomy":"post_tag","embeddable":true,"href":"https:\/\/247stiri.ro\/index.php\/wp-json\/wp\/v2\/tags?post=45426"}],"curies":[{"name":"wp","href":"https:\/\/api.w.org\/{rel}","templated":true}]}}