{"id":4543,"date":"2024-11-05T06:54:07","date_gmt":"2024-11-05T06:54:07","guid":{"rendered":"https:\/\/247stiri.ro\/index.php\/2024\/11\/05\/caz-bizar-in-ilfov-o-teava-de-gaz-blocheaza-poarta-unei-case-iesirea-din-curte-se-face-pe-sub-teava\/"},"modified":"2024-11-05T06:54:07","modified_gmt":"2024-11-05T06:54:07","slug":"caz-bizar-in-ilfov-o-teava-de-gaz-blocheaza-poarta-unei-case-iesirea-din-curte-se-face-pe-sub-teava","status":"publish","type":"post","link":"https:\/\/247stiri.ro\/index.php\/2024\/11\/05\/caz-bizar-in-ilfov-o-teava-de-gaz-blocheaza-poarta-unei-case-iesirea-din-curte-se-face-pe-sub-teava\/","title":{"rendered":"Caz bizar \u00een Ilfov: o \u021beav\u0103 de gaz blocheaz\u0103 poarta unei case. Ie\u0219irea din curte se face pe sub \u021beav\u0103"},"content":{"rendered":"<p>Pentru a intra sau a ie\u0219i din curtea casei, oamenii trebuie s\u0103 treac\u0103 pe sub \u021beava de gaze.\u00a0<\/p>\n<p><a href=\"https:\/\/www.realitatea.net\/stiri\/actual\/ulita-in-buricul-bucurestiului-oamenii-au-fost-uitati-de-primarie-video_6638e920b034a443c24004ca\" target=\"_blank\" rel=\"noopener\">Uli\u021b\u0103 \u00een buricul Bucure\u0219tiului, oamenii au fost uita\u021bi de Prim\u0103rie &#8211; VIDEO<\/a><\/p>\n<p>\u201eCirc \u00een Ilfov. Pe considera\u021bii rasiale, un cet\u0103\u021bean din Ilfov a f\u0103cut tot posibilul p\u00e2n\u0103 c\u00e2nd i-a montat o \u021beav\u0103 de gaze la intrarea \u00een curte unui vecin. Sigur c\u0103 mirarea a fost mare c\u00e2nd a fost montat\u0103 \u021beav\u0103 de gaze, iar ie\u0219irea din curte se face pe sub \u021beav\u0103\u201d, a anun\u021bat avocatul Adrian Cuculis.\u00a0<\/p>\n<p>\u0218i asta nu e tot. De\u0219i au \u00eencercat s\u0103 \u0219i fac\u0103 o alt\u0103 poart\u0103, \u201eaceea\u0219i familie le-a sudat nou\u0103 poart\u0103 f\u0103cut\u0103 \u00een gard\u201d, mai spune avocatul, care a \u0219i f\u0103cut public\u0103 o poz\u0103 c\u00e2t se poate de gr\u0103itoare.<\/p>","protected":false},"excerpt":{"rendered":"<p>Pentru a intra sau a ie\u0219i din curtea casei, oamenii trebuie s\u0103 treac\u0103 pe sub&hellip;<\/p>\n","protected":false},"author":0,"featured_media":4544,"comment_status":"open","ping_status":"open","sticky":false,"template":"","format":"standard","meta":{"footnotes":""},"categories":[2],"tags":[],"class_list":["post-4543","post","type-post","status-publish","format-standard","has-post-thumbnail","hentry","category-actual"],"_links":{"self":[{"href":"https:\/\/247stiri.ro\/index.php\/wp-json\/wp\/v2\/posts\/4543","targetHints":{"allow":["GET"]}}],"collection":[{"href":"https:\/\/247stiri.ro\/index.php\/wp-json\/wp\/v2\/posts"}],"about":[{"href":"https:\/\/247stiri.ro\/index.php\/wp-json\/wp\/v2\/types\/post"}],"replies":[{"embeddable":true,"href":"https:\/\/247stiri.ro\/index.php\/wp-json\/wp\/v2\/comments?post=4543"}],"version-history":[{"count":0,"href":"https:\/\/247stiri.ro\/index.php\/wp-json\/wp\/v2\/posts\/4543\/revisions"}],"wp:featuredmedia":[{"embeddable":true,"href":"https:\/\/247stiri.ro\/index.php\/wp-json\/wp\/v2\/media\/4544"}],"wp:attachment":[{"href":"https:\/\/247stiri.ro\/index.php\/wp-json\/wp\/v2\/media?parent=4543"}],"wp:term":[{"taxonomy":"category","embeddable":true,"href":"https:\/\/247stiri.ro\/index.php\/wp-json\/wp\/v2\/categories?post=4543"},{"taxonomy":"post_tag","embeddable":true,"href":"https:\/\/247stiri.ro\/index.php\/wp-json\/wp\/v2\/tags?post=4543"}],"curies":[{"name":"wp","href":"https:\/\/api.w.org\/{rel}","templated":true}]}}