{"id":45438,"date":"2025-04-06T17:45:35","date_gmt":"2025-04-06T17:45:35","guid":{"rendered":"https:\/\/247stiri.ro\/index.php\/2025\/04\/06\/procurorul-care-le-a-dat-voie-fratilor-tate-sa-se-plimbe-prin-sua-desi-erau-sub-control-judiciar-propus-pentru-avansare\/"},"modified":"2025-04-06T17:45:35","modified_gmt":"2025-04-06T17:45:35","slug":"procurorul-care-le-a-dat-voie-fratilor-tate-sa-se-plimbe-prin-sua-desi-erau-sub-control-judiciar-propus-pentru-avansare","status":"publish","type":"post","link":"https:\/\/247stiri.ro\/index.php\/2025\/04\/06\/procurorul-care-le-a-dat-voie-fratilor-tate-sa-se-plimbe-prin-sua-desi-erau-sub-control-judiciar-propus-pentru-avansare\/","title":{"rendered":"Procurorul care le-a dat voie fra\u021bilor Tate s\u0103 se plimbe prin SUA, de\u0219i erau sub control judiciar, propus pentru avansare"},"content":{"rendered":"<p>Sec\u021bia pentru procurori a Consiliului Superior al Magistraturii (CSM) are pe ordinea de zi a \u0219edin\u021bei din 9 aprilie propunerea de numire a procurorului Petric\u0103 Cezar Profira ca \u0219ef de serviciu \u00een cadrul Direc\u021biei de Investigare a Infrac\u021biunilor de Criminalitate Organizat\u0103 \u0219i Terorism (DIICOT). Profira este procurorul de caz \u00een dosarul de trafic de persoane \u0219i viol al fra\u021bilor Andrew \u0219i Tristan Tate, noteaz\u0103\u00a0<a href=\"https:\/\/www.presshub.ro\/procurorul-care-a-permis-plecarea-fratilor-tate-din-tara-a-fost-propus-pentru-promovare-de-conducerea-diicot-368595\/\">PressHub<\/a>.<\/p>\n<p>Cu acceptul procurorului Profira, Andrew \u0219i Tristan Tate au primit permisiunea de a p\u0103r\u0103si Rom\u00e2nia. Cei doi, care au dubl\u0103 cet\u0103\u0163enie american\u0103 \u015fi britanic\u0103, au ajuns \u00een SUA la sf\u00e2r\u015fitul lunii februarie, dup\u0103 ce Profira le-a ridicat o interdic\u0163ie de c\u0103l\u0103torie pe care o aveau de doi ani. Ei sunt cerceta\u021bi sub control judiciar, ceea ce \u00eenseamn\u0103 c\u0103 trebuie s\u0103 se prezinte periodic \u00een fa\u0163a autorit\u0103\u0163ilor, dar pot p\u0103r\u0103si \u021bara.<\/p>\n<p>Profira este propus ca \u0219ef de sec\u021bie de c\u0103tre conducerea DIICOT asigurat\u0103 de Alina Albu, alegerea fostului ministru al Justi\u021biei C\u0103t\u0103lin Predoiu pentru aceast\u0103 func\u021bie. De\u0219i nu a primit avizul din partea Sec\u021biei pentru procurori a CSM, Predoiu a organizat un al doilea interviu cu Albu \u0219i a instalat-o \u0219ef al DIICOT \u00een martie 2023, \u00een ciuda opozi\u021biei CSM.<\/p>","protected":false},"excerpt":{"rendered":"<p>Sec\u021bia pentru procurori a Consiliului Superior al Magistraturii (CSM) are pe ordinea de zi a&hellip;<\/p>\n","protected":false},"author":0,"featured_media":45439,"comment_status":"open","ping_status":"open","sticky":false,"template":"","format":"standard","meta":{"footnotes":""},"categories":[2],"tags":[],"class_list":["post-45438","post","type-post","status-publish","format-standard","has-post-thumbnail","hentry","category-actual"],"_links":{"self":[{"href":"https:\/\/247stiri.ro\/index.php\/wp-json\/wp\/v2\/posts\/45438","targetHints":{"allow":["GET"]}}],"collection":[{"href":"https:\/\/247stiri.ro\/index.php\/wp-json\/wp\/v2\/posts"}],"about":[{"href":"https:\/\/247stiri.ro\/index.php\/wp-json\/wp\/v2\/types\/post"}],"replies":[{"embeddable":true,"href":"https:\/\/247stiri.ro\/index.php\/wp-json\/wp\/v2\/comments?post=45438"}],"version-history":[{"count":0,"href":"https:\/\/247stiri.ro\/index.php\/wp-json\/wp\/v2\/posts\/45438\/revisions"}],"wp:featuredmedia":[{"embeddable":true,"href":"https:\/\/247stiri.ro\/index.php\/wp-json\/wp\/v2\/media\/45439"}],"wp:attachment":[{"href":"https:\/\/247stiri.ro\/index.php\/wp-json\/wp\/v2\/media?parent=45438"}],"wp:term":[{"taxonomy":"category","embeddable":true,"href":"https:\/\/247stiri.ro\/index.php\/wp-json\/wp\/v2\/categories?post=45438"},{"taxonomy":"post_tag","embeddable":true,"href":"https:\/\/247stiri.ro\/index.php\/wp-json\/wp\/v2\/tags?post=45438"}],"curies":[{"name":"wp","href":"https:\/\/api.w.org\/{rel}","templated":true}]}}