{"id":45442,"date":"2025-04-06T18:44:55","date_gmt":"2025-04-06T18:44:55","guid":{"rendered":"https:\/\/247stiri.ro\/index.php\/2025\/04\/06\/iarna-din-mijlocul-primaverii-l-a-facut-pe-burduja-sa-convoace-comandamentul-energetic\/"},"modified":"2025-04-06T18:44:55","modified_gmt":"2025-04-06T18:44:55","slug":"iarna-din-mijlocul-primaverii-l-a-facut-pe-burduja-sa-convoace-comandamentul-energetic","status":"publish","type":"post","link":"https:\/\/247stiri.ro\/index.php\/2025\/04\/06\/iarna-din-mijlocul-primaverii-l-a-facut-pe-burduja-sa-convoace-comandamentul-energetic\/","title":{"rendered":"Iarna din mijlocul prim\u0103verii l-a f\u0103cut pe Burduja s\u0103 convoace comandamentul energetic"},"content":{"rendered":"<p>Iarna\u00a0a revenit \u00een for\u021b\u0103 \u00een aproape toat\u0103 Rom\u00e2nia. Este\u00a0cod galben de v\u00e2nt, viscol \u0219i\u00a0ninsori\u00a0\u00een 36 de jude\u021be din \u021bar\u0103 p\u00e2n\u0103 luni seara. \u00cen mai multe ora\u0219e din \u021bar\u0103 a \u00eenceput s\u0103 ning\u0103 \u00eenc\u0103 de s\u00e2mb\u0103t\u0103 seara \u0219i \u00eenc\u0103 nu s-a oprit. Temperaturile au sc\u0103zut \u0219i cu 15 grade fa\u021b\u0103 de ziua de s\u00e2mb\u0103t\u0103, a fost nevoie de interven\u021bia drumarilor pe mai multe drumuri na\u021bionale \u0219i jude\u021bene, iar dup\u0103 ce viscolul a dobor\u00e2t mai mul\u021bi copaci peste st\u00e2lpii de electricitate mai multe localit\u0103\u021bi din Neam\u021b au r\u0103mas \u00een bezn\u0103.<\/p>\n<p>Ministrul Energiei,\u00a0Sebastian Burduja, a convocat, duminic\u0103, Comandamentul energetic, din cauza vremii nespecifice perioadei, care se manifest\u0103 prin temperaturi extrem de sc\u0103zute, v\u00e2nt puternic \u015fi ninsori.<\/p>\n<p>Duminic\u0103 sear\u0103, peste 2.400 de consumatori de energie sunt nealimenta\u0163i, dar se lucreaz\u0103 pentru remedierea defec\u0163iunilor.<\/p>\n<p>Ministrul Energiei anun\u0163\u0103 cre\u015fteri ale consumului de energie \u015fi gaze, dar nu se a\u015fteapt\u0103 la probleme \u00een continuitatea furniz\u0103rii.<\/p>\n<p>\u201eDe ast\u0103zi \u015fi p\u00e2n\u0103 joi sear\u0103 aproape toat\u0103 \u0163ara se afl\u0103 sub cod galben de vreme deosebit de rece, brum\u0103 \u015fi \u00eenghe\u0163 la sol, precipita\u0163ii mixte \u015fi intensific\u0103ri ale v\u00e2ntului. \u00cen acest context, am convocat Comandamentul energetic pentru a analiza situa\u0163ia \u00een timp real \u015fi a pune la punct planurile de interven\u0163ie\u201d, a anun\u0163at, duminic\u0103 sear\u0103, ministrul Energiei, Sebastian Burduja.<\/p>\n<p>Vremea va fi deosebit de rece pentru aceast\u0103 perioad\u0103 a anului<\/p>\n<p>Potrivit acestuia, \u00een acest moment, \u00een re\u0163ele de distribu\u0163ie nu sunt probleme semnificative.<\/p>\n<p>\u201eLa nivel na\u0163ional, sunt \u00een jur de 2.400 de consumatori nealimenta\u0163i, \u00een urma avariilor cauzate de copacii c\u0103zu\u0163i pe liniile electrice aeriene. Incidentele sunt \u00een jude\u0163ele Boto\u015fani, Suceava, Neam\u0163, Dolj \u015fi Ialomi\u0163a. Peste 100 de echipe ale operatorilor de distribu\u0163ie sunt \u00een teren \u015fi repar\u0103 avariile, astfel \u00eenc\u00e2t \u00een 2-3 ore estim\u0103m c\u0103 to\u0163i consumatorii vor fi realimenta\u0163i cu energie electric\u0103\u201d, a precizat ministrul.<\/p>\n<p>\u201eDe la ANM am primit informarea c\u0103 vremea va fi deosebit de rece pentru aceast\u0103 perioad\u0103 a anului, at\u00e2t ziua c\u00e2t \u015fi noaptea. Temperaturile maxime se vor stiua \u00een general \u00eentre 2 \u015fi 10 grade, iar \u00een cursul nop\u0163ilor \u015fi al dimine\u0163ilor se vor \u00eenregistra temperaturi preponderent negative.<\/p>\n<p>Astfel, ne a\u015ftep\u0103m la un consum zilnic mai mare de gaze naturale, \u00een jur de 34-35 milioane Nm3. Cu un stoc \u00een depozite de 829 milioane Nm3 \u015fi o produc\u0163ie intern\u0103 de 24-25 milioane Nm3, nu exist\u0103 \u00een niciun scenariu vreo situa\u0163ie \u00een care s\u0103 ne confrunt\u0103m cu probleme \u00een asigurarea aprovizion\u0103rii cu gaze\u201d, a mai transmis ministrul Energiei.<\/p>\n<p>\u201eNu anticip\u0103m probleme semnificative \u00een acest moment\u201d<\/p>\n<p>Acesta a anun\u0163at c\u0103 \u00een aceste zile vom extrage din depozitele de la Gherce\u015fti \u015fi S\u0103rm\u0103\u015fel 3,8-4 milioane Nm3.<\/p>\n<p>\u201eMai mult, suntem deja \u00een implementare cu programul de reumplere a depozitelor pentru iarna viitoare. Ast\u0103zi am \u00eenmagazinat \u00een depozitele de la Urziceni \u015fi B\u0103l\u0103ceanca 4 milioane Nm3\u201d, a precizat minsitrul Energiei.<\/p>\n<p>Burduja a transmis c\u0103, din punct de vedere al consumului de energie electric\u0103, vom \u00eenregistra v\u00e2rfuri de sear\u0103 (orele 20, 21) peste normalul perioadei, \u00een jur de 8000MW.<\/p>\n<p>\u201eNu exist\u0103 probleme de adecvan\u0163\u0103 la nivelul sistemului energetic na\u0163ional. \u00cen aceste zile, mergem cu produc\u0163ia la Por\u0163ile de Fier la maximum, stocurile de c\u0103rbune la CE Oltenia sunt \u00een cre\u015ftere, iar gradul de umplere a lacurilor este \u015fi el \u00een crestere, dep\u0103\u015find deja 60%\u201d, arat\u0103 ministrul Energiei.<\/p>\n<p>Acesta mai afirm\u0103 c\u0103, \u201edin fericire, nu \u00eent\u00e2mpin\u0103m \u015fi nu anticip\u0103m probleme semnificative \u00een acest moment, iar asta este datorit\u0103 exper\u0163ilor din sectorul energetic rom\u00e2nesc, de la operatorii de transport \u015fi distribu\u0163ie energie electric\u0103 \u015fi gaze, produc\u0103tori \u015fi p\u00e2n\u0103 la dispecerul energetic na\u0163ional\u201d.<\/p>","protected":false},"excerpt":{"rendered":"<p>Iarna\u00a0a revenit \u00een for\u021b\u0103 \u00een aproape toat\u0103 Rom\u00e2nia. Este\u00a0cod galben de v\u00e2nt, viscol \u0219i\u00a0ninsori\u00a0\u00een 36&hellip;<\/p>\n","protected":false},"author":0,"featured_media":45443,"comment_status":"open","ping_status":"open","sticky":false,"template":"","format":"standard","meta":{"footnotes":""},"categories":[2],"tags":[],"class_list":["post-45442","post","type-post","status-publish","format-standard","has-post-thumbnail","hentry","category-actual"],"_links":{"self":[{"href":"https:\/\/247stiri.ro\/index.php\/wp-json\/wp\/v2\/posts\/45442","targetHints":{"allow":["GET"]}}],"collection":[{"href":"https:\/\/247stiri.ro\/index.php\/wp-json\/wp\/v2\/posts"}],"about":[{"href":"https:\/\/247stiri.ro\/index.php\/wp-json\/wp\/v2\/types\/post"}],"replies":[{"embeddable":true,"href":"https:\/\/247stiri.ro\/index.php\/wp-json\/wp\/v2\/comments?post=45442"}],"version-history":[{"count":0,"href":"https:\/\/247stiri.ro\/index.php\/wp-json\/wp\/v2\/posts\/45442\/revisions"}],"wp:featuredmedia":[{"embeddable":true,"href":"https:\/\/247stiri.ro\/index.php\/wp-json\/wp\/v2\/media\/45443"}],"wp:attachment":[{"href":"https:\/\/247stiri.ro\/index.php\/wp-json\/wp\/v2\/media?parent=45442"}],"wp:term":[{"taxonomy":"category","embeddable":true,"href":"https:\/\/247stiri.ro\/index.php\/wp-json\/wp\/v2\/categories?post=45442"},{"taxonomy":"post_tag","embeddable":true,"href":"https:\/\/247stiri.ro\/index.php\/wp-json\/wp\/v2\/tags?post=45442"}],"curies":[{"name":"wp","href":"https:\/\/api.w.org\/{rel}","templated":true}]}}