{"id":45450,"date":"2025-04-06T19:44:52","date_gmt":"2025-04-06T19:44:52","guid":{"rendered":"https:\/\/247stiri.ro\/index.php\/2025\/04\/06\/diana-sosoaca-recidiveaza-nu-sunt-convinsa-ca-in-coreea-de-nord-este-dictatura\/"},"modified":"2025-04-06T19:44:52","modified_gmt":"2025-04-06T19:44:52","slug":"diana-sosoaca-recidiveaza-nu-sunt-convinsa-ca-in-coreea-de-nord-este-dictatura","status":"publish","type":"post","link":"https:\/\/247stiri.ro\/index.php\/2025\/04\/06\/diana-sosoaca-recidiveaza-nu-sunt-convinsa-ca-in-coreea-de-nord-este-dictatura\/","title":{"rendered":"Diana \u0218o\u0219oac\u0103 recidiveaz\u0103: \u201eNu sunt convins\u0103 c\u0103 \u00een Coreea de Nord este dictatur\u0103\u201d"},"content":{"rendered":"<p>Diana \u0218o\u0219oac\u0103 sus\u021bine c\u0103 nu este convins\u0103 c\u0103 \u00een Coreea de Nord este dictatur\u0103. Europarlamentara SOS s-a declarat decis\u0103 s\u0103 mearg\u0103 \u00een statul comunist \u0219i s\u0103 se conving\u0103 personal c\u0103 este vorba despre o dictatur\u0103.<\/p>\n<p>\u201eEu chiar vreau s\u0103 m\u0103 duc p\u00e2n\u0103 \u00een Coreea de Nord s\u0103 v\u0103d c\u00e2t de dictatur\u0103 e. Am dubii. At\u00e2t timp c\u00e2t Parlamentul European, c\u00e2t madam Ursula von der Leyen acuz\u0103 pe al\u021bii de dictatur\u0103, iar ei instaureaz\u0103 cea mai crunt\u0103 dictatur\u0103 din ultimii 300 de ani, eu am \u00eenceput s\u0103 am dubii c\u0103 aceast\u0103 Coree de Nord este dictatur\u0103, c\u0103 Rusia este dictatur\u0103\u201d, a spus Diana \u0218o\u0219oac\u0103, la un post TV.<\/p>\n<p>Coreea de Nord este o republic\u0103 socialist\u0103 bazat\u0103 pe doctrina juche, dar anali\u0219tii politici caracterizeaz\u0103 regimul nord-coreean drept o dictatur\u0103 absolut\u0103 de tip stalinist.<\/p>\n<p>Coreea de Nord este considerat\u0103 \u201ecea mai pur\u0103 form\u0103 de totalitarism\u201d. Statul este centrat pe cultul personalit\u0103\u021bii dictatorului Kim Jong Un, iar politica oficial\u0103 promoveaz\u0103 xenofobia.<\/p>\n<p>Pe teritoriul \u021b\u0103rii exist\u0103 un sistem de lag\u0103re de concentrare \u00een care sunt \u00eenchi\u0219i prizonierii politici.<\/p>\n<p>\u021aara este \u00eenchis\u0103 \u00een totalitate, iar vizitatorii str\u0103ini sunt accepta\u021bi foarte greu \u0219i doar \u00een anumite zone. De asemenea, nord-coreenii nu au voie s\u0103 p\u0103r\u0103seasc\u0103 teritoriul \u021b\u0103rii. Cei care o fac, sunt pedepsi\u021bi drastic. De asemenea, familiile lor au de suferit \u0219i sunt \u00eenchise \u00een lag\u0103re de concentrare.<\/p>","protected":false},"excerpt":{"rendered":"<p>Diana \u0218o\u0219oac\u0103 sus\u021bine c\u0103 nu este convins\u0103 c\u0103 \u00een Coreea de Nord este dictatur\u0103. Europarlamentara&hellip;<\/p>\n","protected":false},"author":0,"featured_media":45447,"comment_status":"open","ping_status":"open","sticky":false,"template":"","format":"standard","meta":{"footnotes":""},"categories":[2],"tags":[],"class_list":["post-45450","post","type-post","status-publish","format-standard","has-post-thumbnail","hentry","category-actual"],"_links":{"self":[{"href":"https:\/\/247stiri.ro\/index.php\/wp-json\/wp\/v2\/posts\/45450","targetHints":{"allow":["GET"]}}],"collection":[{"href":"https:\/\/247stiri.ro\/index.php\/wp-json\/wp\/v2\/posts"}],"about":[{"href":"https:\/\/247stiri.ro\/index.php\/wp-json\/wp\/v2\/types\/post"}],"replies":[{"embeddable":true,"href":"https:\/\/247stiri.ro\/index.php\/wp-json\/wp\/v2\/comments?post=45450"}],"version-history":[{"count":0,"href":"https:\/\/247stiri.ro\/index.php\/wp-json\/wp\/v2\/posts\/45450\/revisions"}],"wp:featuredmedia":[{"embeddable":true,"href":"https:\/\/247stiri.ro\/index.php\/wp-json\/wp\/v2\/media\/45447"}],"wp:attachment":[{"href":"https:\/\/247stiri.ro\/index.php\/wp-json\/wp\/v2\/media?parent=45450"}],"wp:term":[{"taxonomy":"category","embeddable":true,"href":"https:\/\/247stiri.ro\/index.php\/wp-json\/wp\/v2\/categories?post=45450"},{"taxonomy":"post_tag","embeddable":true,"href":"https:\/\/247stiri.ro\/index.php\/wp-json\/wp\/v2\/tags?post=45450"}],"curies":[{"name":"wp","href":"https:\/\/api.w.org\/{rel}","templated":true}]}}