{"id":45451,"date":"2025-04-06T19:44:53","date_gmt":"2025-04-06T19:44:53","guid":{"rendered":"https:\/\/247stiri.ro\/index.php\/2025\/04\/06\/basescu-despre-emisarii-lui-ciolacu-la-washington-a-pus-romania-intr-o-situatie-penibila\/"},"modified":"2025-04-06T19:44:53","modified_gmt":"2025-04-06T19:44:53","slug":"basescu-despre-emisarii-lui-ciolacu-la-washington-a-pus-romania-intr-o-situatie-penibila","status":"publish","type":"post","link":"https:\/\/247stiri.ro\/index.php\/2025\/04\/06\/basescu-despre-emisarii-lui-ciolacu-la-washington-a-pus-romania-intr-o-situatie-penibila\/","title":{"rendered":"B\u0103sescu despre emisarii lui Ciolacu la Washington: \u201eA pus Rom\u00e2nia \u00eentr-o situa\u021bie penibil\u0103!\u201d"},"content":{"rendered":"<p>Fostul pre\u015fedinte Traian B\u0103sescu a fost \u00eentrebat, duminc\u0103 sear\u0103, la B1 TV, ce crede despre emisarii trimi\u015fi de premierul Marcel Colacu \u00een SUA \u015fi a afirmat:\u00a0\u201dEste evident c\u0103 avem un premier care s\u0103racul \u00een\u0163elege pu\u0163in \u015fi este \u015fi foarte greu s\u0103 \u00eenve\u0163e, de\u015fi este de vreo trei ani premier. Cum po\u0163i s\u0103 compromi\u0163i \u0163ara \u00een asemenea m\u0103sur\u0103, \u00eenc\u00e2t s\u0103 anun\u0163i c\u0103 trimisi ni\u015fte emisari care s\u0103 \u00eenlesmeasc\u0103 accesul Rom\u00e2niei la Casa Alb\u0103?! Deci umilin\u0163\u0103 mai mare de at\u00e2t nu putea fi adus\u0103 de un premier\u201d.<\/p>\n<p>\u00cen plus, B\u0103sescu afirm\u0103 c\u0103 CIolacu a uzurpat atribu\u0163iile pre\u015fedintelui.<\/p>\n<p>\u201dPe de-alt\u0103 parte, practic, el uzurp\u0103 atribu\u0163iunile pre\u015fedintelui. Rela\u0163ia cu alte state la v\u00e2rf o \u0163ine pre\u015fedintele \u0163\u0103rii pentru c\u0103, de aceea, ambasadorii \u015fi sunt trimi\u0163i ai pre\u015fedintelui \u015fi nu ai premierului. Faptul c\u0103 el \u015fi-a asumat \u015fi-a f\u0103cut public c\u0103 a nominalizat ni\u015fte emisari pentru&#8230; nu-i foarte clar pentru ce, dar i-a nominalizat, pur \u015fi simplu pune Rom\u00e2nia \u00eentr-o situa\u0163ie penibil\u0103\u201d, a mai afirmat Traian B\u0103sescu.<\/p>\n<p>Fostul pre\u015fedinte crede c\u0103 \u201dtoate ambasadele de la Bucure\u015fti au transmis deja acas\u0103 faptul c\u0103 premierul nu mai utilizeaz\u0103 Ministerul de Externe, nu mai utilizeaza ambasadorul, rela\u0163iile pe care le are cu Statele Unite, dar o utilizeaz\u0103 pe un domn care are vreo mie de camioane \u015fi nu are experien\u0163\u0103 diplomatic\u0103, dar o s\u0103 capete\u201d.<\/p>\n<p>\u201dNu este posibil. \u00cen primul r\u00e2nd, sunt foarte curios ce mandat a putut s\u0103 dea celor doi emisari pe care i-are, f\u0103r\u0103 s\u0103 \u00eencerc s\u0103 discreditez ca oameni pe cei doi emisari. Dar din punct de vedere institu\u0163ional, sunt cu ceva de care se poate r\u00e2de\u201d, a mai declarat Traia B\u0103sescu.<\/p>\n<p>Potrivit acestuia, \u201dconsecin\u0163ele sunt c\u0103 ne facem de r\u00e2s tot mai tare\u201d.<\/p>\n<p>\u201dAdic\u0103 Ciolacul este \u00eentr-o curs\u0103 de discreditare a Guvernului Rom\u00e2niei, curs\u0103 cum n-a avut niciun alt premier\u201d, a ad\u0103ugat fostul pre\u015fedinte.<\/p>\n<p>Premierul Marcel Ciolacu a anun\u0163at, joi, c\u0103 a trimis doi emisari \u00een SUA, pentru a discuta la Mar-a-Lago cu reprezentan\u0163i ai Administra\u0163iei Trump, despre ridicarea vizelor, \u00een special, el ar\u0103t\u00e2nd c\u0103 \u015fi pre\u015fedintele interimar Ilie Bolojan \u015ftie despre acest lucru.<\/p>\n<p>\u015eeful Executivului a mai spus c\u0103 unul dintre emisari este din SUA, iar cel\u0103lalt este trimisul special al prim-ministrului.<\/p>","protected":false},"excerpt":{"rendered":"<p>Fostul pre\u015fedinte Traian B\u0103sescu a fost \u00eentrebat, duminc\u0103 sear\u0103, la B1 TV, ce crede despre&hellip;<\/p>\n","protected":false},"author":0,"featured_media":45449,"comment_status":"open","ping_status":"open","sticky":false,"template":"","format":"standard","meta":{"footnotes":""},"categories":[2],"tags":[],"class_list":["post-45451","post","type-post","status-publish","format-standard","has-post-thumbnail","hentry","category-actual"],"_links":{"self":[{"href":"https:\/\/247stiri.ro\/index.php\/wp-json\/wp\/v2\/posts\/45451","targetHints":{"allow":["GET"]}}],"collection":[{"href":"https:\/\/247stiri.ro\/index.php\/wp-json\/wp\/v2\/posts"}],"about":[{"href":"https:\/\/247stiri.ro\/index.php\/wp-json\/wp\/v2\/types\/post"}],"replies":[{"embeddable":true,"href":"https:\/\/247stiri.ro\/index.php\/wp-json\/wp\/v2\/comments?post=45451"}],"version-history":[{"count":0,"href":"https:\/\/247stiri.ro\/index.php\/wp-json\/wp\/v2\/posts\/45451\/revisions"}],"wp:featuredmedia":[{"embeddable":true,"href":"https:\/\/247stiri.ro\/index.php\/wp-json\/wp\/v2\/media\/45449"}],"wp:attachment":[{"href":"https:\/\/247stiri.ro\/index.php\/wp-json\/wp\/v2\/media?parent=45451"}],"wp:term":[{"taxonomy":"category","embeddable":true,"href":"https:\/\/247stiri.ro\/index.php\/wp-json\/wp\/v2\/categories?post=45451"},{"taxonomy":"post_tag","embeddable":true,"href":"https:\/\/247stiri.ro\/index.php\/wp-json\/wp\/v2\/tags?post=45451"}],"curies":[{"name":"wp","href":"https:\/\/api.w.org\/{rel}","templated":true}]}}