{"id":45454,"date":"2025-04-06T19:44:54","date_gmt":"2025-04-06T19:44:54","guid":{"rendered":"https:\/\/247stiri.ro\/index.php\/2025\/04\/06\/train-basescu-dupa-protestele-din-america-donald-trump-nu-si-va-revizui-deciziile\/"},"modified":"2025-04-06T19:44:54","modified_gmt":"2025-04-06T19:44:54","slug":"train-basescu-dupa-protestele-din-america-donald-trump-nu-si-va-revizui-deciziile","status":"publish","type":"post","link":"https:\/\/247stiri.ro\/index.php\/2025\/04\/06\/train-basescu-dupa-protestele-din-america-donald-trump-nu-si-va-revizui-deciziile\/","title":{"rendered":"Train B\u0103sescu, dup\u0103 protestele din America: \u201eDonald Trump nu-\u015fi va revizui deciziile\u201d"},"content":{"rendered":"<p>\u00centrebat, duminic\u0103 la un post TV ce crede despre protestele \u201dHands off\u201d din America \u015fi dac\u0103 pe\u015fedintele Trump \u00ee\u015fi va revizui deciziile \u00een urma acestora, fostul pre\u015fedinte Traian B\u0103sescu a afirmat: \u201dNu cred c\u0103 \u00ee\u015fi va revizui deciziile. El nu are capacitatea de a vedea lumea dec\u00e2t prin business \u015fi, de fapt, vrea s\u0103 vad\u0103 lumea prin interesele miliardarilor. Acesta este semnalul. C\u0103 miliardarii vor s\u0103 de\u0163in\u0103 \u015fi putere politic\u0103 \u015fi puter\u0103 militar\u0103\u201e.<\/p>\n<p>\u00a0<\/p>\n<p>B\u0103sescu crede c\u0103 miliardarii americani \u201dvor s\u0103 poat\u0103 s\u0103-\u015fi trimit\u0103 portavioanele unde au nevoie, s\u0103 ocupe Groenlanda dac\u0103 e nevoie, dac\u0103 vor trec cu tancurile \u015fi \u00een Canada, c\u0103-s vecini de frontier\u201d.<\/p>\n<p>\u201dDeci este visul miliardarilor, s\u0103 devin\u0103 de\u0163in\u0103tori ai puterii politice \u015fi ai puterilor militare. Aten\u0163ie, nu discut\u0103m despre o putere incomplet\u0103. La noi, mogulii se bat s\u0103 aib\u0103 influen\u0163\u0103 politic\u0103, dar nu le trece prin cap s\u0103 pun\u0103 m\u00e2na \u015fi pe controlul armatei. Ei, miliardarilor americani \u00een momentul de fa\u0163\u0103 le d\u0103 prin cap s\u0103 dob\u00e2ndeasc\u0103 \u015fi puterea politic\u0103 \u015fi putera militar\u0103, iar tentativele astea anun\u0163ate de Trump c\u0103 ne trebuie Groenlanda, ne trebuie canalul Panama, ne trebuie Canada, nu sunt altceva dec\u00e2t manifestarea acestor tentative de a utiliza \u015fi armata, dac\u0103 este nevoie, pentru a ocupa teritoriul unde \u00ee\u015fi g\u0103sesc materii prime \u015fi for\u0163\u0103 de munc\u0103\u201d, a mai declarat B\u0103sescu.<\/p>\n<p>Fostul pre\u015fedinte crede c\u0103 \u201de departe momentul\u201d \u00een care pre\u015fedintele American ar dori s\u0103 opreasc\u0103 protestele \u015fi s\u0103 riposteze.<\/p>\n<p>\u201dG\u00e2ndi\u0163i-v\u0103 c\u0103 ce vedem \u00een manifesta\u0163ii \u00een Statele Unite sunt cam un milion de oameni. Dar statele unii au 300 de milioane. Deocamdat\u0103, Trump cre\u015fte \u00een sondaje. A crescut de la vreo 47 la 53. Nici americanii nu sunt lipsi\u0163i de suport \u00een favoarea lui Trump, ceea ce \u00eel \u00eencurajeaz\u0103 s\u0103 mearg\u0103 \u00eenainte\u201d, a mai declarat fostul pre\u015fedinte.<\/p>\n<p>Mul\u0163imi de oameni sup\u0103ra\u0163i pe modul \u00een care pre\u015fedintele Donald Trump conduce \u0163ara au m\u0103r\u015f\u0103luit \u015fi s-au adunat s\u00e2mb\u0103t\u0103 \u00een zeci de ora\u015fe americane, \u00een cea mai mare zi de demonstra\u0163ii de p\u00e2n\u0103 acum a unei mi\u015fc\u0103ri de opozi\u0163ie care \u00eencearc\u0103 s\u0103 \u00ee\u015fi rec\u00e2\u015ftige av\u00e2ntul dup\u0103 \u015focul primelor s\u0103pt\u0103m\u00e2ni \u00een func\u0163ie ale republicanului.<\/p>","protected":false},"excerpt":{"rendered":"<p>\u00centrebat, duminic\u0103 la un post TV ce crede despre protestele \u201dHands off\u201d din America \u015fi&hellip;<\/p>\n","protected":false},"author":0,"featured_media":45445,"comment_status":"open","ping_status":"open","sticky":false,"template":"","format":"standard","meta":{"footnotes":""},"categories":[2],"tags":[],"class_list":["post-45454","post","type-post","status-publish","format-standard","has-post-thumbnail","hentry","category-actual"],"_links":{"self":[{"href":"https:\/\/247stiri.ro\/index.php\/wp-json\/wp\/v2\/posts\/45454","targetHints":{"allow":["GET"]}}],"collection":[{"href":"https:\/\/247stiri.ro\/index.php\/wp-json\/wp\/v2\/posts"}],"about":[{"href":"https:\/\/247stiri.ro\/index.php\/wp-json\/wp\/v2\/types\/post"}],"replies":[{"embeddable":true,"href":"https:\/\/247stiri.ro\/index.php\/wp-json\/wp\/v2\/comments?post=45454"}],"version-history":[{"count":0,"href":"https:\/\/247stiri.ro\/index.php\/wp-json\/wp\/v2\/posts\/45454\/revisions"}],"wp:featuredmedia":[{"embeddable":true,"href":"https:\/\/247stiri.ro\/index.php\/wp-json\/wp\/v2\/media\/45445"}],"wp:attachment":[{"href":"https:\/\/247stiri.ro\/index.php\/wp-json\/wp\/v2\/media?parent=45454"}],"wp:term":[{"taxonomy":"category","embeddable":true,"href":"https:\/\/247stiri.ro\/index.php\/wp-json\/wp\/v2\/categories?post=45454"},{"taxonomy":"post_tag","embeddable":true,"href":"https:\/\/247stiri.ro\/index.php\/wp-json\/wp\/v2\/tags?post=45454"}],"curies":[{"name":"wp","href":"https:\/\/api.w.org\/{rel}","templated":true}]}}