{"id":45542,"date":"2025-04-07T08:45:39","date_gmt":"2025-04-07T08:45:39","guid":{"rendered":"https:\/\/247stiri.ro\/index.php\/2025\/04\/07\/ministerul-muncii-proiect-de-33-milioane-de-euro-pentru-incluziune-sociala-si-reducerea-marginalizarii-grupurilor-vulnerabile\/"},"modified":"2025-04-07T08:45:39","modified_gmt":"2025-04-07T08:45:39","slug":"ministerul-muncii-proiect-de-33-milioane-de-euro-pentru-incluziune-sociala-si-reducerea-marginalizarii-grupurilor-vulnerabile","status":"publish","type":"post","link":"https:\/\/247stiri.ro\/index.php\/2025\/04\/07\/ministerul-muncii-proiect-de-33-milioane-de-euro-pentru-incluziune-sociala-si-reducerea-marginalizarii-grupurilor-vulnerabile\/","title":{"rendered":"Ministerul Muncii: Proiect de 3,3 milioane de euro pentru incluziune social\u0103 \u0219i reducerea marginaliz\u0103rii grupurilor vulnerabile"},"content":{"rendered":"<p>&#8222;Rom\u00e2nia a avut o tradi\u021bie puternic\u0103 \u00een economia social\u0103, iar acum este momentul s\u0103-l redres\u0103m \u0219i s\u0103-l facem un instrument eficient de creare a locurilor de munc\u0103 \u0219i de incluziune social\u0103. Persoanele din medii vulnerabile vor s\u0103 munceasc\u0103, iar angajatorii trebuie sprijini\u021bi prin m\u0103suri concrete! \u00cemi doresc ca \u0219i \u00een Rom\u00e2nia economia social\u0103 s\u0103 se dezvolte a\u0219a cum se \u00eent\u00e2mpl\u0103 deja \u00een Fran\u021ba, Spania sau Italia&#8221;, a declarat ministrul Muncii, Simona Bucura Oprescu, \u00eentr-o postare publicat\u0103, luni, pe pagina oficial\u0103 de Facebook a ministerului de resort.<\/p>\n<p>Prin intermediul noului proiect se urm\u0103resc obiective precum: crearea de instrumente moderne pentru colectarea \u0219i analiza datelor despre \u00eentreprinderile sociale, inclusiv \u00een contextul tranzi\u021biei verzi \u0219i digitale; elaborarea Strategiei Na\u021bionale \u00een domeniul economiei sociale, cu un plan de ac\u021biune clar \u0219i bazat pe cercet\u0103ri de teren; crearea unei platforme digitale cu incubatoare virtuale, pie\u021be online pentru produse \u0219i servicii sociale, centre \u0219i re\u021bele de ambasadori ai antreprenoriatului social; campanii de promovare \u0219i recunoa\u0219tere public\u0103, evenimente pentru cre\u0219terea vizibilit\u0103\u021bii sectorului; sprijin pentru entit\u0103\u021bile de economie social\u0103 &#8211; cooperare, schimb de bune practici, conectare cu sectoarele public \u0219i privat.<\/p>\n<p>Potrivit Ministerului Muncii, durata proiectului se \u00eentinde pe 57 de luni, iar bugetul alocat se ridica la valoarea de 3,3 milioane de euro (20,5 milioane de lei).<\/p>\n<p>Finan\u021barea este realizat\u0103 prin PEO &#8211; Prioritatea 4.1, parteneri \u00een proiect fiind Institutul Na\u021bional de Cercetare \u0218tiin\u021bific\u0103 \u00een Domeniul Muncii \u0219i Protec\u021biei Sociale (INCSMPS) \u0219i Agen\u021bia Na\u021bional\u0103 pentru Ocuparea For\u021bei de Munc\u0103 (ANOFM).<\/p>\n<p>Datele oficiale relev\u0103 faptul c\u0103, la ora actual\u0103, economia social\u0103 european\u0103 asigur\u0103 este 13,6 milioane de locuri de munc\u0103 remunerate \u00een Europa, echivalentul a aproximativ 6,3% din popula\u021bia activ\u0103 a UE-28, respectiv locuri de munc\u0103 pentru peste 19,1 milioane de persoane.\u00a0<\/p>","protected":false},"excerpt":{"rendered":"<p>&#8222;Rom\u00e2nia a avut o tradi\u021bie puternic\u0103 \u00een economia social\u0103, iar acum este momentul s\u0103-l redres\u0103m&hellip;<\/p>\n","protected":false},"author":0,"featured_media":45537,"comment_status":"open","ping_status":"open","sticky":false,"template":"","format":"standard","meta":{"footnotes":""},"categories":[2],"tags":[],"class_list":["post-45542","post","type-post","status-publish","format-standard","has-post-thumbnail","hentry","category-actual"],"_links":{"self":[{"href":"https:\/\/247stiri.ro\/index.php\/wp-json\/wp\/v2\/posts\/45542","targetHints":{"allow":["GET"]}}],"collection":[{"href":"https:\/\/247stiri.ro\/index.php\/wp-json\/wp\/v2\/posts"}],"about":[{"href":"https:\/\/247stiri.ro\/index.php\/wp-json\/wp\/v2\/types\/post"}],"replies":[{"embeddable":true,"href":"https:\/\/247stiri.ro\/index.php\/wp-json\/wp\/v2\/comments?post=45542"}],"version-history":[{"count":0,"href":"https:\/\/247stiri.ro\/index.php\/wp-json\/wp\/v2\/posts\/45542\/revisions"}],"wp:featuredmedia":[{"embeddable":true,"href":"https:\/\/247stiri.ro\/index.php\/wp-json\/wp\/v2\/media\/45537"}],"wp:attachment":[{"href":"https:\/\/247stiri.ro\/index.php\/wp-json\/wp\/v2\/media?parent=45542"}],"wp:term":[{"taxonomy":"category","embeddable":true,"href":"https:\/\/247stiri.ro\/index.php\/wp-json\/wp\/v2\/categories?post=45542"},{"taxonomy":"post_tag","embeddable":true,"href":"https:\/\/247stiri.ro\/index.php\/wp-json\/wp\/v2\/tags?post=45542"}],"curies":[{"name":"wp","href":"https:\/\/api.w.org\/{rel}","templated":true}]}}