{"id":45543,"date":"2025-04-07T08:45:39","date_gmt":"2025-04-07T08:45:39","guid":{"rendered":"https:\/\/247stiri.ro\/index.php\/2025\/04\/07\/dragos-sprinceana-emisarul-lui-ciolacu-pe-langa-trump-noi-mesaje-controversate-ce-a-spus-despre-pozitia-romaniei-fata-de-ucraina-si-franta\/"},"modified":"2025-04-07T08:45:39","modified_gmt":"2025-04-07T08:45:39","slug":"dragos-sprinceana-emisarul-lui-ciolacu-pe-langa-trump-noi-mesaje-controversate-ce-a-spus-despre-pozitia-romaniei-fata-de-ucraina-si-franta","status":"publish","type":"post","link":"https:\/\/247stiri.ro\/index.php\/2025\/04\/07\/dragos-sprinceana-emisarul-lui-ciolacu-pe-langa-trump-noi-mesaje-controversate-ce-a-spus-despre-pozitia-romaniei-fata-de-ucraina-si-franta\/","title":{"rendered":"Drago\u0219 Spr\u00eenceana, emisarul lui Ciolacu pe l\u00e2ng\u0103 Trump, noi mesaje controversate. Ce a spus despre pozi\u021bia Rom\u00e2niei fa\u021b\u0103 de Ucraina \u0219i Fran\u021ba?"},"content":{"rendered":"<p>Drago\u0219 Spr\u00e2ncean\u0103 are o pozi\u021bie complet opus\u0103 fa\u021b\u0103 de r\u0103zboiul din Ucraina, \u00een timp ce Guvernul Rom\u00e2niei sprijin\u0103 \u00eencetarea invaziei. Totodat\u0103, emisarul SUA a spus c\u0103 nu este un fan al pre\u0219edintelui Emmanuel Macron pentru c\u0103, potrivit acestuia, nu reprezint\u0103 Uniunea European\u0103 \u0219i dore\u0219te continuarea acestui r\u0103zboi din Ucraina. Afirma\u021bia lui Spr\u00e2cean\u0103 este \u00eens\u0103 una fals\u0103 deoarece Fran\u021ba \u0219i UE sus\u021bin ap\u0103rarea Ucrainei \u0219i continu\u0103 negocierile de pace, potrivit Realitatea Plus.Spr\u00e2ncean\u0103 a mai spus c\u0103 at\u00e2ta vreme c\u00e2t Rom\u00e2nia se va alinia direc\u021biei Fran\u021bei, Statele Unite nu or s\u0103 priveasc\u0103 acest lucru cu ochi buni.&#8221;Ne dorim cu to\u021bii ca r\u0103zboiul s\u0103 se termine, s\u0103 red\u0103m prosperitate economic\u0103 la nivel at\u00e2t european, c\u00e2t \u0219i global \u0219i \u00een Statele Unite. Rom\u00e2nia ar trebui s\u0103 \u00ee\u0219i doreasc\u0103 acela\u0219i lucru. At\u00e2ta vreme c\u00e2t r\u0103zboiul continu\u0103, Rom\u00e2nia nu o s\u0103 fie bine economic&#8221;, a spus acesta.Totul vine dup\u0103 ce cu c\u00e2teva zile \u00een urm\u0103, emisarul special al Guvernului a republicat mai multe imagini cu mesaje jignitoare la adresa lui Emmanuel Macron, inclusiv o fotografie editat\u0103 \u00een care ap\u0103reau Trump \u0219i Putin, care purtau \u0219epci inscrip\u021bionate cu o \u00eenjur\u0103tur\u0103 adresat\u0103 pre\u0219edintelui francez.Mai mult dec\u00e2t at\u00e2t, Spr\u00eencean\u0103 a republicat o postare care sus\u021binea c\u0103 fostul cancelar al Germaniei, Angela Merkel, a distrus Europa \u0219i a numit-o pe aceasta varianta feminin\u0103 a lui Hitler. Mai mult, \u00eentr-o alt\u0103 postare era prezentat\u0103 declara\u021bia miliardarului care st\u0103 \u00een dreapta lui Trump, Elon Musk, conform c\u0103reia Statele Unite ale Americii ar trebui s\u0103 p\u0103r\u0103seasc\u0103 NATO.\u00cen vara anului trecut, Spr\u00e2nean\u0103 l-a jignit pe pre\u0219edintele Zelenski \u0219i a declarat sfid\u0103tor c\u0103 regret\u0103 ce s-a \u00eent\u00e2mplat la grani\u021b\u0103 dar mor\u021bii din Ucraina nu fac parte din NATO sau UE iar r\u0103zboiul nu este al nostru.Presa interna\u021bional\u0103 a surprins prezen\u021ba lui Drago\u0219 Spr\u00eencean\u0103 la Mar-a-Lago, acompaniat de cel de-al doilea emisar special al Guvernului, Lucian Roma\u0219canu. Cei doi au fost desemna\u021bi s\u0103 poarte discu\u021bii cu administra\u021bia Trump cu privire la ridicarea vizelor pentru cet\u0103\u021benii rom\u00e2ni. Spr\u00eencean\u0103 a dezv\u0103luit singur c\u0103 a fost ales s\u0103 participe.\u00cen v\u00e2rst\u0103 de 45 de ani, Drago\u0219 Spr\u00eencean\u0103 este un om de afaceri originar din Constan\u021ba stabilit \u00een Statele Unite ale Americii de peste 20 de ani, membru al Partidului Republican.\u00a0<\/p>","protected":false},"excerpt":{"rendered":"<p>Drago\u0219 Spr\u00e2ncean\u0103 are o pozi\u021bie complet opus\u0103 fa\u021b\u0103 de r\u0103zboiul din Ucraina, \u00een timp ce&hellip;<\/p>\n","protected":false},"author":0,"featured_media":45539,"comment_status":"open","ping_status":"open","sticky":false,"template":"","format":"standard","meta":{"footnotes":""},"categories":[2],"tags":[],"class_list":["post-45543","post","type-post","status-publish","format-standard","has-post-thumbnail","hentry","category-actual"],"_links":{"self":[{"href":"https:\/\/247stiri.ro\/index.php\/wp-json\/wp\/v2\/posts\/45543","targetHints":{"allow":["GET"]}}],"collection":[{"href":"https:\/\/247stiri.ro\/index.php\/wp-json\/wp\/v2\/posts"}],"about":[{"href":"https:\/\/247stiri.ro\/index.php\/wp-json\/wp\/v2\/types\/post"}],"replies":[{"embeddable":true,"href":"https:\/\/247stiri.ro\/index.php\/wp-json\/wp\/v2\/comments?post=45543"}],"version-history":[{"count":0,"href":"https:\/\/247stiri.ro\/index.php\/wp-json\/wp\/v2\/posts\/45543\/revisions"}],"wp:featuredmedia":[{"embeddable":true,"href":"https:\/\/247stiri.ro\/index.php\/wp-json\/wp\/v2\/media\/45539"}],"wp:attachment":[{"href":"https:\/\/247stiri.ro\/index.php\/wp-json\/wp\/v2\/media?parent=45543"}],"wp:term":[{"taxonomy":"category","embeddable":true,"href":"https:\/\/247stiri.ro\/index.php\/wp-json\/wp\/v2\/categories?post=45543"},{"taxonomy":"post_tag","embeddable":true,"href":"https:\/\/247stiri.ro\/index.php\/wp-json\/wp\/v2\/tags?post=45543"}],"curies":[{"name":"wp","href":"https:\/\/api.w.org\/{rel}","templated":true}]}}