{"id":45545,"date":"2025-04-07T08:45:40","date_gmt":"2025-04-07T08:45:40","guid":{"rendered":"https:\/\/247stiri.ro\/index.php\/2025\/04\/07\/paul-de-romania-tot-mai-aproape-de-a-fi-adus-in-romania-autoritatile-franceze-l-ar-fi-arestat-la-paris-surse\/"},"modified":"2025-04-07T08:45:40","modified_gmt":"2025-04-07T08:45:40","slug":"paul-de-romania-tot-mai-aproape-de-a-fi-adus-in-romania-autoritatile-franceze-l-ar-fi-arestat-la-paris-surse","status":"publish","type":"post","link":"https:\/\/247stiri.ro\/index.php\/2025\/04\/07\/paul-de-romania-tot-mai-aproape-de-a-fi-adus-in-romania-autoritatile-franceze-l-ar-fi-arestat-la-paris-surse\/","title":{"rendered":"Paul de Rom\u00e2nia, tot mai aproape de a fi adus \u00een Rom\u00e2nia. Autorit\u0103\u021bile franceze l-ar fi arestat la Paris &#8211; SURSE"},"content":{"rendered":"<p>\u00cen urma solicit\u0103rilor adresate de c\u0103tre Biroul SIRENE Rom\u00e2nia (Supplementary Information Request at the National Entries (Solicitare de informa\u021bii suplimentare la intrarea pe teritoriul na\u021bional) c\u0103tre SIRENE Fran\u021ba, men\u021bion\u0103m c\u0103 \u00een ziua de 07.04.2025, omologii francezi ar fi transmis c\u0103 cel \u00een cauz\u0103 a fost ARESTAT LA DOMICILIU, luni diminea\u021b\u0103, \u00een Paris, pentru executarea MEA (Mandat European de arestare), emis de autorit\u0103\u021bile judiciare rom\u00e2ne.<\/p>\n<p>Re\u021binerea vine \u00een condi\u021biile \u00een care Curtea de Apel Bra\u0219ov a solicitat Biroului SIRENE a introdus o semnalafe pentru arestare \u0219i predare lui Paul de Rom\u00e2nia, \u00een baza noului mandat european de arestare, emis pe numele persoanei solicitate, \u0219i a cerut retragerea celui vechi.<\/p>\n<p>Biroul SIRENE a validat inserarea noului MEA \u0219i a solicitat omologilor francezi localizarea \u0219i arestarea celui \u00een cauz\u0103.<\/p>\n<p>\u00cen 2024, Curtea de Apel din Malta a respins aducerea \u00een Rom\u00e2nia a fugarului <a href=\"https:\/\/www.realitatea.net\/stiri\/actual\/paul-de-romania-fugit-din-tara-revendica-un-el-greco-tablou-care-a-fost-in-colectia-regala-dupa-ce-guvernul-a-reclamat-dreptul-de-proprietate_67bc3d47bd62105b0f639752\" target=\"_blank\">Paul-Philippe<\/a>, condamnat definitiv, \u00een decembrie 2020, la trei ani \u0219i patru luni de \u00eenchisoare \u00een dosarul retroced\u0103rii ilegale a Fermei regale de la B\u0103neasa. Ministrul Justi\u021biei, Alina Gorghiu, calific\u0103 drept \u201erevolt\u0103toare\u201d decizia \u0219i spune c\u0103 \u00eei va propune premierului Marcel Ciolacu ca Guvernul s\u0103 reac\u021bioneze la nivel diplomatic \u201ela o asemenea \u00eenc\u0103lcare flagrant\u0103 a deciziei CJUE\u201d.<\/p>","protected":false},"excerpt":{"rendered":"<p>\u00cen urma solicit\u0103rilor adresate de c\u0103tre Biroul SIRENE Rom\u00e2nia (Supplementary Information Request at the National&hellip;<\/p>\n","protected":false},"author":0,"featured_media":45546,"comment_status":"open","ping_status":"open","sticky":false,"template":"","format":"standard","meta":{"footnotes":""},"categories":[2],"tags":[],"class_list":["post-45545","post","type-post","status-publish","format-standard","has-post-thumbnail","hentry","category-actual"],"_links":{"self":[{"href":"https:\/\/247stiri.ro\/index.php\/wp-json\/wp\/v2\/posts\/45545","targetHints":{"allow":["GET"]}}],"collection":[{"href":"https:\/\/247stiri.ro\/index.php\/wp-json\/wp\/v2\/posts"}],"about":[{"href":"https:\/\/247stiri.ro\/index.php\/wp-json\/wp\/v2\/types\/post"}],"replies":[{"embeddable":true,"href":"https:\/\/247stiri.ro\/index.php\/wp-json\/wp\/v2\/comments?post=45545"}],"version-history":[{"count":0,"href":"https:\/\/247stiri.ro\/index.php\/wp-json\/wp\/v2\/posts\/45545\/revisions"}],"wp:featuredmedia":[{"embeddable":true,"href":"https:\/\/247stiri.ro\/index.php\/wp-json\/wp\/v2\/media\/45546"}],"wp:attachment":[{"href":"https:\/\/247stiri.ro\/index.php\/wp-json\/wp\/v2\/media?parent=45545"}],"wp:term":[{"taxonomy":"category","embeddable":true,"href":"https:\/\/247stiri.ro\/index.php\/wp-json\/wp\/v2\/categories?post=45545"},{"taxonomy":"post_tag","embeddable":true,"href":"https:\/\/247stiri.ro\/index.php\/wp-json\/wp\/v2\/tags?post=45545"}],"curies":[{"name":"wp","href":"https:\/\/api.w.org\/{rel}","templated":true}]}}