{"id":45561,"date":"2025-04-07T09:46:16","date_gmt":"2025-04-07T09:46:16","guid":{"rendered":"https:\/\/247stiri.ro\/index.php\/2025\/04\/07\/robert-turcescu-avem-ambasador-in-sua-dar-ei-trimit-emisari-speciali-pentru-ce-mai-bagam-bani-in-corpul-diplomatic\/"},"modified":"2025-04-07T09:46:16","modified_gmt":"2025-04-07T09:46:16","slug":"robert-turcescu-avem-ambasador-in-sua-dar-ei-trimit-emisari-speciali-pentru-ce-mai-bagam-bani-in-corpul-diplomatic","status":"publish","type":"post","link":"https:\/\/247stiri.ro\/index.php\/2025\/04\/07\/robert-turcescu-avem-ambasador-in-sua-dar-ei-trimit-emisari-speciali-pentru-ce-mai-bagam-bani-in-corpul-diplomatic\/","title":{"rendered":"Robert Turcescu: \u201dAvem ambasador \u00een SUA, dar ei trimit emisari speciali. Pentru ce mai b\u0103g\u0103m bani \u00een corpul diplomatic?\u201d"},"content":{"rendered":"<p>\u201eDe ce pl\u0103tim noi ambasadori, minister de externe, \u00eentregul corp diplomatic, de ce \u00eel pl\u0103tim pe Bolojan ca pre\u0219edinte interimar, ca s\u0103 trimit\u0103 emisar special pentru a discuta cu Trump.<\/p>\n<p>P\u0103i nu avem m\u0103 ambasador \u00een SUA? Nu avem pe unul Muraru, care st\u0103 \u00een ditamai ambasada cu zeci de camere, nu bag\u0103m bani \u00een \u021binerea acelui imobil \u0219i acelor func\u021bionari, nu avem m\u0103 ministru de Externe, pe unul Hurezeanu? Nu avem tot corpul diplomatic \u0219i tot aparatul din ministerul de Externe, \u0103\u0219tia ce fac m\u0103?<\/p>\n<p>Cum adic\u0103 trimi\u021bi pe unul care cic\u0103 e prieten cu Trump sa ce m\u0103, sa vorbeasc\u0103 \u00een numele Rom\u00e2niei?<\/p>\n<p>Voi v\u0103 da\u021bi seama, \u00een momentul de fa\u021b\u0103, \u00een ce hal a ajuns, nu diploma\u021bia romaneasc\u0103, Rom\u00e2nia \u00een general, o \u021bar\u0103 condus\u0103 de unul care e pre\u0219edinte interimar \u0219i nu \u0219tie nicio limb\u0103 str\u0103in\u0103, nu \u00een\u021belege nimic din ce \u00eenseamn\u0103 politica interna\u021bional\u0103, c\u0103 n-a avut de unde.\u201d, a declarat Robert Turcescu.<\/p>","protected":false},"excerpt":{"rendered":"<p>\u201eDe ce pl\u0103tim noi ambasadori, minister de externe, \u00eentregul corp diplomatic, de ce \u00eel pl\u0103tim&hellip;<\/p>\n","protected":false},"author":0,"featured_media":45555,"comment_status":"open","ping_status":"open","sticky":false,"template":"","format":"standard","meta":{"footnotes":""},"categories":[2],"tags":[],"class_list":["post-45561","post","type-post","status-publish","format-standard","has-post-thumbnail","hentry","category-actual"],"_links":{"self":[{"href":"https:\/\/247stiri.ro\/index.php\/wp-json\/wp\/v2\/posts\/45561","targetHints":{"allow":["GET"]}}],"collection":[{"href":"https:\/\/247stiri.ro\/index.php\/wp-json\/wp\/v2\/posts"}],"about":[{"href":"https:\/\/247stiri.ro\/index.php\/wp-json\/wp\/v2\/types\/post"}],"replies":[{"embeddable":true,"href":"https:\/\/247stiri.ro\/index.php\/wp-json\/wp\/v2\/comments?post=45561"}],"version-history":[{"count":0,"href":"https:\/\/247stiri.ro\/index.php\/wp-json\/wp\/v2\/posts\/45561\/revisions"}],"wp:featuredmedia":[{"embeddable":true,"href":"https:\/\/247stiri.ro\/index.php\/wp-json\/wp\/v2\/media\/45555"}],"wp:attachment":[{"href":"https:\/\/247stiri.ro\/index.php\/wp-json\/wp\/v2\/media?parent=45561"}],"wp:term":[{"taxonomy":"category","embeddable":true,"href":"https:\/\/247stiri.ro\/index.php\/wp-json\/wp\/v2\/categories?post=45561"},{"taxonomy":"post_tag","embeddable":true,"href":"https:\/\/247stiri.ro\/index.php\/wp-json\/wp\/v2\/tags?post=45561"}],"curies":[{"name":"wp","href":"https:\/\/api.w.org\/{rel}","templated":true}]}}