{"id":45566,"date":"2025-04-07T09:46:18","date_gmt":"2025-04-07T09:46:18","guid":{"rendered":"https:\/\/247stiri.ro\/index.php\/2025\/04\/07\/majestatea-sa-margareta-custodele-coroanei-a-fost-primita-de-maia-sandu-la-chisinau\/"},"modified":"2025-04-07T09:46:18","modified_gmt":"2025-04-07T09:46:18","slug":"majestatea-sa-margareta-custodele-coroanei-a-fost-primita-de-maia-sandu-la-chisinau","status":"publish","type":"post","link":"https:\/\/247stiri.ro\/index.php\/2025\/04\/07\/majestatea-sa-margareta-custodele-coroanei-a-fost-primita-de-maia-sandu-la-chisinau\/","title":{"rendered":"Majestatea Sa Margareta, custodele Coroanei, a fost primit\u0103 de Maia Sandu la Chi\u0219in\u0103u"},"content":{"rendered":"<p>\u00cen cadrul \u00eentrevederii, Maia Sandu a mul\u021bumit Custodelui Coroanei pentru sprijinul pe care Casa Regal\u0103 a Rom\u00e2niei \u00eel acord\u0103 constant Republicii Moldova \u00een plan diplomatic.\u201ePrin tot ce face\u021bi, prin prezen\u021ba dumneavoastr\u0103 constant\u0103 aici, la Chi\u0219in\u0103u, ne sus\u021bine\u021bi \u0219i noi apreciem foarte mult acest lucru\u201d, a afirmat Maia Sandu.Principele Radu a vorbit despre sus\u021binerea tot mai mare de care se bucur\u0103 Republica Moldova \u00een plan interna\u021bional.\u201eAm remarcat cu o mare m\u00e2ndrie c\u0103, pe c\u00e2t de mult s-a \u00eengreunat situa\u021bia politic\u0103, militar\u0103 \u0219i economic\u0103 de pe continent, pe at\u00e2t oamenii dovedesc mai mult instinct al binelui. (&#8230;) C\u00e2nd au \u00eenceput eforturile pentru NATO \u0219i Uniunea European\u0103, cu c\u00e2t mergeai mai la Vest, cu at\u00e2t era mai mult interes. Cu c\u00e2t mergeai mai la est, erai cam singur. Acum constat contrariul, ceea ce \u00eenseamn\u0103 c\u0103 \u00eencrederea \u00een Republica Moldova a crescut, respectul \u0219i admira\u021bia pentru curajul oamenilor de aici a crescut\u201d, a declarat Principele Radu.<\/p>","protected":false},"excerpt":{"rendered":"<p>\u00cen cadrul \u00eentrevederii, Maia Sandu a mul\u021bumit Custodelui Coroanei pentru sprijinul pe care Casa Regal\u0103&hellip;<\/p>\n","protected":false},"author":0,"featured_media":45551,"comment_status":"open","ping_status":"open","sticky":false,"template":"","format":"standard","meta":{"footnotes":""},"categories":[2],"tags":[],"class_list":["post-45566","post","type-post","status-publish","format-standard","has-post-thumbnail","hentry","category-actual"],"_links":{"self":[{"href":"https:\/\/247stiri.ro\/index.php\/wp-json\/wp\/v2\/posts\/45566","targetHints":{"allow":["GET"]}}],"collection":[{"href":"https:\/\/247stiri.ro\/index.php\/wp-json\/wp\/v2\/posts"}],"about":[{"href":"https:\/\/247stiri.ro\/index.php\/wp-json\/wp\/v2\/types\/post"}],"replies":[{"embeddable":true,"href":"https:\/\/247stiri.ro\/index.php\/wp-json\/wp\/v2\/comments?post=45566"}],"version-history":[{"count":0,"href":"https:\/\/247stiri.ro\/index.php\/wp-json\/wp\/v2\/posts\/45566\/revisions"}],"wp:featuredmedia":[{"embeddable":true,"href":"https:\/\/247stiri.ro\/index.php\/wp-json\/wp\/v2\/media\/45551"}],"wp:attachment":[{"href":"https:\/\/247stiri.ro\/index.php\/wp-json\/wp\/v2\/media?parent=45566"}],"wp:term":[{"taxonomy":"category","embeddable":true,"href":"https:\/\/247stiri.ro\/index.php\/wp-json\/wp\/v2\/categories?post=45566"},{"taxonomy":"post_tag","embeddable":true,"href":"https:\/\/247stiri.ro\/index.php\/wp-json\/wp\/v2\/tags?post=45566"}],"curies":[{"name":"wp","href":"https:\/\/api.w.org\/{rel}","templated":true}]}}