{"id":45571,"date":"2025-04-07T09:46:21","date_gmt":"2025-04-07T09:46:21","guid":{"rendered":"https:\/\/247stiri.ro\/index.php\/2025\/04\/07\/remus-pricopie-dosar-penal-dupa-contestatia-impotriva-lui-calin-georgescu\/"},"modified":"2025-04-07T09:46:21","modified_gmt":"2025-04-07T09:46:21","slug":"remus-pricopie-dosar-penal-dupa-contestatia-impotriva-lui-calin-georgescu","status":"publish","type":"post","link":"https:\/\/247stiri.ro\/index.php\/2025\/04\/07\/remus-pricopie-dosar-penal-dupa-contestatia-impotriva-lui-calin-georgescu\/","title":{"rendered":"Remus Pricopie, dosar penal dup\u0103 contesta\u021bia \u00eempotriva lui C\u0103lin Georgescu"},"content":{"rendered":"<p>Harry Florin Gean\u0103, cel care a f\u0103cut pl\u00e2ngerea penal\u0103 \u00eempotriva lui Pricopie, a avut o reac\u021bie \u00een acest sens.<\/p>\n<p>\u201e\u00cen acea pl\u00e2ngere, dumnealui a \u00eencercat s\u0103 candideze ca \u0219i pre\u0219edinte la func\u021bia cea mai mare, a f\u0103cut o contesta\u021bie \u00eempotriva unui candidat care avea acel drept fundamental \u0219i constitu\u021bional, av\u00e2nd \u00een vedere c\u0103 dumnealui a fost un om politic \u0219i chiar \u0219i acum la ora actual\u0103 se prezint\u0103 ca \u0219i politician.<\/p>\n<p>Am zis s\u0103 \u00eei fac \u0219i eu o pl\u00e2ngere c\u0103 are o func\u021bie public\u0103, dac\u0103 ne uitam pe declara\u021bia de avere, are aproape 10.000 de euro salariu, nu \u0219tiu de ce s-ar duce la o func\u021bie at\u00e2t de mare.<\/p>\n<p>Av\u00e2nd \u00een vedere c\u0103 i-am f\u0103cut o pl\u00e2ngere, de fapt a fost o pl\u00e2ngere, nu \u00eel contest pe domn profesor, pentru c\u0103 \u00eel cunoa\u0219te\u021bi \u0219i chiar \u0219i la o parte dintre dumneavoastr\u0103 v-a fost profesor.<\/p>\n<p>Nu \u00eel contest pe acest om, dec\u00e2t c\u0103 am vrut s\u0103 v\u0103d dac\u0103 func\u021bia publica a dumnealui ca \u0219i rector universitar, dac\u0103 se \u00eencadreaz\u0103 la articolul 297, aliniatul 1 din codul de procedur\u0103 penal\u0103 av\u00e2nd o func\u021bie publica ar putea prin func\u021bia dumnealui s\u0103 \u00eei \u00eendrume pe studen\u021bi.<\/p>\n<p>Nu prea \u00eei permite constitu\u021bia sau legile tarii, acum s\u0103 vedem dac\u0103 poli\u021bia \u00eel va cerceta, dar la noi \u00een Rom\u00e2nia, dup\u0103 cum se pun problemele, clasare din start.\u201d, a declarat Harry Florin Gean\u0103 la Realitatea PLUS.<\/p>","protected":false},"excerpt":{"rendered":"<p>Harry Florin Gean\u0103, cel care a f\u0103cut pl\u00e2ngerea penal\u0103 \u00eempotriva lui Pricopie, a avut o&hellip;<\/p>\n","protected":false},"author":0,"featured_media":45557,"comment_status":"open","ping_status":"open","sticky":false,"template":"","format":"standard","meta":{"footnotes":""},"categories":[2],"tags":[],"class_list":["post-45571","post","type-post","status-publish","format-standard","has-post-thumbnail","hentry","category-actual"],"_links":{"self":[{"href":"https:\/\/247stiri.ro\/index.php\/wp-json\/wp\/v2\/posts\/45571","targetHints":{"allow":["GET"]}}],"collection":[{"href":"https:\/\/247stiri.ro\/index.php\/wp-json\/wp\/v2\/posts"}],"about":[{"href":"https:\/\/247stiri.ro\/index.php\/wp-json\/wp\/v2\/types\/post"}],"replies":[{"embeddable":true,"href":"https:\/\/247stiri.ro\/index.php\/wp-json\/wp\/v2\/comments?post=45571"}],"version-history":[{"count":0,"href":"https:\/\/247stiri.ro\/index.php\/wp-json\/wp\/v2\/posts\/45571\/revisions"}],"wp:featuredmedia":[{"embeddable":true,"href":"https:\/\/247stiri.ro\/index.php\/wp-json\/wp\/v2\/media\/45557"}],"wp:attachment":[{"href":"https:\/\/247stiri.ro\/index.php\/wp-json\/wp\/v2\/media?parent=45571"}],"wp:term":[{"taxonomy":"category","embeddable":true,"href":"https:\/\/247stiri.ro\/index.php\/wp-json\/wp\/v2\/categories?post=45571"},{"taxonomy":"post_tag","embeddable":true,"href":"https:\/\/247stiri.ro\/index.php\/wp-json\/wp\/v2\/tags?post=45571"}],"curies":[{"name":"wp","href":"https:\/\/api.w.org\/{rel}","templated":true}]}}