{"id":45580,"date":"2025-04-07T10:44:50","date_gmt":"2025-04-07T10:44:50","guid":{"rendered":"https:\/\/247stiri.ro\/index.php\/2025\/04\/07\/incident-grav-in-gorj-un-barbat-de-57-de-ani-a-fost-arestat-preventiv-dupa-ce-i-a-dat-foc-sotiei-sale-aceasta-a-murit\/"},"modified":"2025-04-07T10:44:50","modified_gmt":"2025-04-07T10:44:50","slug":"incident-grav-in-gorj-un-barbat-de-57-de-ani-a-fost-arestat-preventiv-dupa-ce-i-a-dat-foc-sotiei-sale-aceasta-a-murit","status":"publish","type":"post","link":"https:\/\/247stiri.ro\/index.php\/2025\/04\/07\/incident-grav-in-gorj-un-barbat-de-57-de-ani-a-fost-arestat-preventiv-dupa-ce-i-a-dat-foc-sotiei-sale-aceasta-a-murit\/","title":{"rendered":"Incident grav \u00een Gorj. Un b\u0103rbat de 57 de ani a fost arestat preventiv, dup\u0103 ce i-a dat foc so\u0163iei sale. Aceasta a murit"},"content":{"rendered":"<p>Reprezentan\u0163ii Parchetului de pe l\u00e2ng\u0103 Tribunalul Gorj au anun\u0163at, luni, c\u0103 un b\u0103rbat este anchetat pentru comiterea infrac\u0163iunii de omor calificat asupra unui membru de familie.<\/p>\n<p>\u201dConform probatoriului administrat p\u00e2n\u0103 \u00een prezent \u00een cauz\u0103, s-a re\u0163inut c\u0103 inculpatul S.V., \u00een v\u00e2rst\u0103 de 57 de ani, la data de 05.04.2025, \u00een jurul orelor 18:30, \u00een timp ce se afla la domiciliul din comuna Vladimir, sat Valea De\u015fului, jude\u0163ul Gorj, pe fondul unui conflict spontan alimentat de consumul de alcool, folosindu-se de un combustibil inflamabil (benzin\u0103) p\u0103strat \u00eentr-un recipient din plastic, a incendiat pe so\u0163ia sa, S.I., \u00een v\u00e2rst\u0103 de 52 de ani, c\u0103reia i-a produs astfel arsuri pe o mare suprafa\u0163\u0103 a corpului \u015fi \u00een final decesul\u201d, au precizat procurorii.<\/p>\n<p>B\u0103rbatul a fost re\u0163inut pentru 24 de ore, fiind prezentat ulterior Tribunalului Gorj care a decis arestarea preventiv\u0103 a acestuia pentru 30 de zile.<\/p>","protected":false},"excerpt":{"rendered":"<p>Reprezentan\u0163ii Parchetului de pe l\u00e2ng\u0103 Tribunalul Gorj au anun\u0163at, luni, c\u0103 un b\u0103rbat este anchetat&hellip;<\/p>\n","protected":false},"author":0,"featured_media":45581,"comment_status":"open","ping_status":"open","sticky":false,"template":"","format":"standard","meta":{"footnotes":""},"categories":[2],"tags":[],"class_list":["post-45580","post","type-post","status-publish","format-standard","has-post-thumbnail","hentry","category-actual"],"_links":{"self":[{"href":"https:\/\/247stiri.ro\/index.php\/wp-json\/wp\/v2\/posts\/45580","targetHints":{"allow":["GET"]}}],"collection":[{"href":"https:\/\/247stiri.ro\/index.php\/wp-json\/wp\/v2\/posts"}],"about":[{"href":"https:\/\/247stiri.ro\/index.php\/wp-json\/wp\/v2\/types\/post"}],"replies":[{"embeddable":true,"href":"https:\/\/247stiri.ro\/index.php\/wp-json\/wp\/v2\/comments?post=45580"}],"version-history":[{"count":0,"href":"https:\/\/247stiri.ro\/index.php\/wp-json\/wp\/v2\/posts\/45580\/revisions"}],"wp:featuredmedia":[{"embeddable":true,"href":"https:\/\/247stiri.ro\/index.php\/wp-json\/wp\/v2\/media\/45581"}],"wp:attachment":[{"href":"https:\/\/247stiri.ro\/index.php\/wp-json\/wp\/v2\/media?parent=45580"}],"wp:term":[{"taxonomy":"category","embeddable":true,"href":"https:\/\/247stiri.ro\/index.php\/wp-json\/wp\/v2\/categories?post=45580"},{"taxonomy":"post_tag","embeddable":true,"href":"https:\/\/247stiri.ro\/index.php\/wp-json\/wp\/v2\/tags?post=45580"}],"curies":[{"name":"wp","href":"https:\/\/api.w.org\/{rel}","templated":true}]}}