{"id":45591,"date":"2025-04-07T11:44:57","date_gmt":"2025-04-07T11:44:57","guid":{"rendered":"https:\/\/247stiri.ro\/index.php\/2025\/04\/07\/de-ce-a-fost-arestat-paul-de-romania-la-paris-ministrul-justitiei-a-dezvaluit-decizia-care-ar-trebui-sa-blocheze-orice-portita-de-evitare-a-extradarii\/"},"modified":"2025-04-07T11:44:57","modified_gmt":"2025-04-07T11:44:57","slug":"de-ce-a-fost-arestat-paul-de-romania-la-paris-ministrul-justitiei-a-dezvaluit-decizia-care-ar-trebui-sa-blocheze-orice-portita-de-evitare-a-extradarii","status":"publish","type":"post","link":"https:\/\/247stiri.ro\/index.php\/2025\/04\/07\/de-ce-a-fost-arestat-paul-de-romania-la-paris-ministrul-justitiei-a-dezvaluit-decizia-care-ar-trebui-sa-blocheze-orice-portita-de-evitare-a-extradarii\/","title":{"rendered":"De ce a fost arestat Paul de Rom\u00e2nia la Paris? Ministrul Justi\u021biei a dezv\u0103luit decizia care ar trebui s\u0103 blocheze orice porti\u021b\u0103 de evitare a extr\u0103d\u0103rii"},"content":{"rendered":"<p>\u00centr-o interven\u021bie la Realitatea Plus, Radu Marinescu a afirmat c\u0103 noul demers f\u0103cut de autorit\u0103\u021bile din Rom\u00e2nia are la baz\u0103 o decizie a justi\u021biei europene.<\/p>\n<p>&#8222;\u00cen privin\u021ba punerii \u00een aplicare a mandatului European de arestare, autorit\u0103\u021bile rom\u00e2ne si-au f\u0103cut datoria, a existat o solicitare anterioar\u0103, respins\u0103 \u00een Fran\u021ba, a existat o solicitare respins\u0103 \u0219i de autorit\u0103\u021bile din Malta, \u00eens\u0103 evenimentul cel mai semnificativ din punct de vedere al mersului justi\u021biei este decizia Cur\u021bii Europene potrivit c\u0103rei nu se mai poate refuza predarea unei persoane urm\u0103rite de autorit\u0103\u021bile rom\u00e2ne pentru anumite considerente avute \u00een vedere anterior de c\u0103tre autorit\u0103\u021bile din Fran\u021ba \u0219i din Malta.\u00a0<\/p>\n<p><a href=\"https:\/\/www.realitatea.net\/stiri\/actual\/paul-de-romania-tot-mai-aproape-de-a-fi-adus-in-romania-autoritatile-franceze-lar-fi-arestat-la-paris-surse_67f387ac6c4b9147215f4c89\" target=\"_blank\">Paul de Rom\u00e2nia, tot mai aproape de a fi adus \u00een Rom\u00e2nia. Autorit\u0103\u021bile franceze l-ar fi arestat la Paris\u00a0<\/a><\/p>\n<p>Urmare a hot\u0103r\u00e2rii Cur\u021bii Europene, autorit\u0103\u021bile rom\u00e2ne au reluat demersul \u0219i au solicitat Fran\u021bei ca procedura s\u0103-\u0219i urmeaz\u0103 cursul legal.<\/p>\n<p>Iat\u0103 c\u0103 ast\u0103zi am avut aceast\u0103 re\u021binere, care denot\u0103 faptul c\u0103 procedura \u00ee\u0219i urmeaz\u0103 cursul legal.<\/p>\n<p>Noi sper\u0103m ca persoana condamnat\u0103 s\u0103 parcurg\u0103 aceste proceduri (de aducere \u00een \u021bar\u0103 &#8211; N.R.) cu celeritate. Durata acestora depinde de modul \u00een care vor ac\u021biona autorit\u0103\u021bile din Fran\u021ba, dar faptul c\u0103 s-a luat m\u0103sura indisponibiliz\u0103rii persoanei denot\u0103 faptul c\u0103 autorit\u0103\u021bile franceze trateaz\u0103 cu seriozitate solicitarea, urm\u00e2nd s\u0103 decid\u0103 asupra retroced\u0103rii \u00een baza mandatului european de arestare.<\/p>\n<p>Suntem optimi\u0219ti c\u0103 \u00een momentul de fa\u021b\u0103, raportat la elementele concrete care subliniaz\u0103 caracterul justificat al solicit\u0103rii noastre, autorit\u0103\u021bile franceze vor avea o pozi\u021bie de cooperare judiciar\u0103 loial\u0103,&#8221; a precizat ministrul Justi\u021biei, \u00a0Radu Marinescu.<\/p>","protected":false},"excerpt":{"rendered":"<p>\u00centr-o interven\u021bie la Realitatea Plus, Radu Marinescu a afirmat c\u0103 noul demers f\u0103cut de autorit\u0103\u021bile&hellip;<\/p>\n","protected":false},"author":0,"featured_media":45592,"comment_status":"open","ping_status":"open","sticky":false,"template":"","format":"standard","meta":{"footnotes":""},"categories":[2],"tags":[],"class_list":["post-45591","post","type-post","status-publish","format-standard","has-post-thumbnail","hentry","category-actual"],"_links":{"self":[{"href":"https:\/\/247stiri.ro\/index.php\/wp-json\/wp\/v2\/posts\/45591","targetHints":{"allow":["GET"]}}],"collection":[{"href":"https:\/\/247stiri.ro\/index.php\/wp-json\/wp\/v2\/posts"}],"about":[{"href":"https:\/\/247stiri.ro\/index.php\/wp-json\/wp\/v2\/types\/post"}],"replies":[{"embeddable":true,"href":"https:\/\/247stiri.ro\/index.php\/wp-json\/wp\/v2\/comments?post=45591"}],"version-history":[{"count":0,"href":"https:\/\/247stiri.ro\/index.php\/wp-json\/wp\/v2\/posts\/45591\/revisions"}],"wp:featuredmedia":[{"embeddable":true,"href":"https:\/\/247stiri.ro\/index.php\/wp-json\/wp\/v2\/media\/45592"}],"wp:attachment":[{"href":"https:\/\/247stiri.ro\/index.php\/wp-json\/wp\/v2\/media?parent=45591"}],"wp:term":[{"taxonomy":"category","embeddable":true,"href":"https:\/\/247stiri.ro\/index.php\/wp-json\/wp\/v2\/categories?post=45591"},{"taxonomy":"post_tag","embeddable":true,"href":"https:\/\/247stiri.ro\/index.php\/wp-json\/wp\/v2\/tags?post=45591"}],"curies":[{"name":"wp","href":"https:\/\/api.w.org\/{rel}","templated":true}]}}