{"id":45601,"date":"2025-04-07T12:44:49","date_gmt":"2025-04-07T12:44:49","guid":{"rendered":"https:\/\/247stiri.ro\/index.php\/2025\/04\/07\/bolojan-si-ciolacu-convorbire-telefonica-dupa-declaratiile-controversate-ale-emisarului-sprinceana\/"},"modified":"2025-04-07T12:44:49","modified_gmt":"2025-04-07T12:44:49","slug":"bolojan-si-ciolacu-convorbire-telefonica-dupa-declaratiile-controversate-ale-emisarului-sprinceana","status":"publish","type":"post","link":"https:\/\/247stiri.ro\/index.php\/2025\/04\/07\/bolojan-si-ciolacu-convorbire-telefonica-dupa-declaratiile-controversate-ale-emisarului-sprinceana\/","title":{"rendered":"Bolojan \u0219i Ciolacu, convorbire telefonic\u0103, dup\u0103 declara\u021biile controversate ale \u201eemisarului\u201d Spr\u00eencean\u0103"},"content":{"rendered":"<p>Potrivit surselor Realitatea PLUS a avut loc o convorbire telefonic\u0103 \u00eentre Marcel Ciolacu \u0219i Ilie Bolojan \u00een aceast\u0103 diminea\u021b\u0103 dup\u0103 acea declara\u021bie f\u0103cut\u0103 de Drago\u0219 Spr\u00eencean\u0103, care a st\u00e2rnit foarte multe controverse pentru c\u0103 venea \u00een contradic\u021bie cu pozi\u021bia enun\u021bat\u0103 de pre\u0219edintele interimar Ilie Bolojan.<\/p>\n<p>Premierul Ciolacu s-a dezis de Drago\u0219 Spr\u00eencean\u0103, spun\u00e2nd c\u0103 nu este trimisul sau \u00een SUA, iar pozi\u021bia Rom\u00e2niei r\u0103m\u00e2ne aceea\u0219i fa\u021b\u0103 de pre\u0219edintele Ilie Bolojan.<\/p>\n<p>Pe aceast\u0103 tem\u0103 au fost inclusiv solicit\u0103ri de demisii, dup\u0103 aceast\u0103 declara\u021bie care a st\u00e2rnit controverse, tocmai pentru c\u0103 ar exista o ruptur\u0103 de comunicare \u00eentre Palatul Cotroceni \u0219i Palatul Victoria.<\/p>","protected":false},"excerpt":{"rendered":"<p>Potrivit surselor Realitatea PLUS a avut loc o convorbire telefonic\u0103 \u00eentre Marcel Ciolacu \u0219i Ilie&hellip;<\/p>\n","protected":false},"author":0,"featured_media":45598,"comment_status":"open","ping_status":"open","sticky":false,"template":"","format":"standard","meta":{"footnotes":""},"categories":[2],"tags":[],"class_list":["post-45601","post","type-post","status-publish","format-standard","has-post-thumbnail","hentry","category-actual"],"_links":{"self":[{"href":"https:\/\/247stiri.ro\/index.php\/wp-json\/wp\/v2\/posts\/45601","targetHints":{"allow":["GET"]}}],"collection":[{"href":"https:\/\/247stiri.ro\/index.php\/wp-json\/wp\/v2\/posts"}],"about":[{"href":"https:\/\/247stiri.ro\/index.php\/wp-json\/wp\/v2\/types\/post"}],"replies":[{"embeddable":true,"href":"https:\/\/247stiri.ro\/index.php\/wp-json\/wp\/v2\/comments?post=45601"}],"version-history":[{"count":0,"href":"https:\/\/247stiri.ro\/index.php\/wp-json\/wp\/v2\/posts\/45601\/revisions"}],"wp:featuredmedia":[{"embeddable":true,"href":"https:\/\/247stiri.ro\/index.php\/wp-json\/wp\/v2\/media\/45598"}],"wp:attachment":[{"href":"https:\/\/247stiri.ro\/index.php\/wp-json\/wp\/v2\/media?parent=45601"}],"wp:term":[{"taxonomy":"category","embeddable":true,"href":"https:\/\/247stiri.ro\/index.php\/wp-json\/wp\/v2\/categories?post=45601"},{"taxonomy":"post_tag","embeddable":true,"href":"https:\/\/247stiri.ro\/index.php\/wp-json\/wp\/v2\/tags?post=45601"}],"curies":[{"name":"wp","href":"https:\/\/api.w.org\/{rel}","templated":true}]}}