{"id":45634,"date":"2025-04-07T14:44:54","date_gmt":"2025-04-07T14:44:54","guid":{"rendered":"https:\/\/247stiri.ro\/index.php\/2025\/04\/07\/romanii-din-diaspora-catre-nicusor-dan-rusine-sa-va-fie\/"},"modified":"2025-04-07T14:44:54","modified_gmt":"2025-04-07T14:44:54","slug":"romanii-din-diaspora-catre-nicusor-dan-rusine-sa-va-fie","status":"publish","type":"post","link":"https:\/\/247stiri.ro\/index.php\/2025\/04\/07\/romanii-din-diaspora-catre-nicusor-dan-rusine-sa-va-fie\/","title":{"rendered":"Rom\u00e2nii din DIASPORA c\u0103tre Nicu\u0219or Dan: \u201eRu\u0219ine s\u0103 v\u0103 fie!\u201d"},"content":{"rendered":"<p>Rom\u00e2nii din Spania au \u00eenceput un protest fa\u021b\u0103 de <a href=\"https:\/\/www.realitatea.net\/stiri\/politica\/nicusor-dan-moment-de-sinceritate-candidatul-la-cotroceni-recunoaste-ca-a-facut-nenumarate-greseli-la-primarie_67f3d1cf70a40a4c811dd752\" target=\"_blank\">primarul Capitalei<\/a> care a venit s\u0103 le cear\u0103 votul. Oamenii au cerut respectarea democra\u021biei \u0219i turul 2 \u00eenapoi.\u00a0<\/p>\n<p>Protest la evenimentul electoral al lui Nicu\u0219or Dan<\/p>\n<p>\u201eCic\u0103 ce m\u0103 intereseaz\u0103, fii atent, ascult dar c\u00e2nd aud asemenea inep\u021bii\u201d<\/p>\n<p><a title=\"@rodicamusat6\" href=\"https:\/\/www.tiktok.com\/@rodicamusat6?refer=embed\" target=\"_blank\">@rodicamusat6<\/a> <a title=\"Turul2\u00eenapoi\" href=\"https:\/\/www.tiktok.com\/tag\/Turul2%C3%AEnapoi?refer=embed\" target=\"_blank\">#Turul2\u00eenapoi<\/a><a title=\"diasporaunita\" href=\"https:\/\/www.tiktok.com\/tag\/diasporaunita?refer=embed\" target=\"_blank\">#diasporaunita<\/a> <a title=\"Madrid\" href=\"https:\/\/www.tiktok.com\/tag\/Madrid?refer=embed\" target=\"_blank\">#Madrid<\/a><a title=\"Spania\" href=\"https:\/\/www.tiktok.com\/tag\/Spania?refer=embed\" target=\"_blank\">#Spania<\/a><a title=\"georgescu\" href=\"https:\/\/www.tiktok.com\/tag\/georgescu?refer=embed\" target=\"_blank\">#georgescu<\/a> <a title=\"curateniegenerala\" href=\"https:\/\/www.tiktok.com\/tag\/curateniegenerala?refer=embed\" target=\"_blank\">#curateniegenerala<\/a> <a title=\"\u266c sonido original - Rodica\" href=\"https:\/\/www.tiktok.com\/music\/sonido-original-7490212002193246998?refer=embed\" target=\"_blank\">\u266c sonido original &#8211; Rodica<\/a>Nicu\u0219or Dan, moment de sinceritate: \u201eAm fost un prost!\u201d<\/p>\n<p><a href=\"https:\/\/www.realitatea.net\/stiri\/actual\/scandal-monstru-intre-piedone-si-nicusor-dan-edilul-capitalei-comparat-cu-un-gandac_67f364202389fb72015e0cf2\" target=\"_blank\">Nicu\u0219or Dan<\/a> recunoa\u0219te c\u0103 a fost prost de foarte multe ori \u00een mandatul de primar al Capitalei!\u00a0<\/p>\n<p>Candidatul independent spune c\u0103 a luat decizii importante baz\u00e2ndu-se pe informa\u021bii incomplete c\u00e2nd a venit vorba de prim\u0103ria Bucure\u0219tiului.\u00a0<\/p>\n<p>Moderator: De cate ori ai fost prost in mandatul asta?<\/p>\n<p>Nicu\u0219or Dan: A, de nenum\u0103rate ori. De nenum\u0103rate ori. Adic\u0103 tot timpul trebuie sa iei decizii. In deciziile pe care le iei tot timpul ai informa\u021bia incompleta. Ai o intui\u021bie, dar intuita asta uneori da rateuri. De aici vin gre\u0219elile.\u00a0<\/p>\n<p><a title=\"@ion.curtici2\" href=\"https:\/\/www.tiktok.com\/@ion.curtici2?refer=embed\" target=\"_blank\">@ion.curtici2<\/a><\/p>\n<p>\u00a0<\/p>\n<p><a title=\"\u266c sunet original - Ion Curtici\" href=\"https:\/\/www.tiktok.com\/music\/sunet-original-7490254363198458647?refer=embed\" target=\"_blank\">\u266c sunet original &#8211; Ion Curtici<\/a><\/p>","protected":false},"excerpt":{"rendered":"<p>Rom\u00e2nii din Spania au \u00eenceput un protest fa\u021b\u0103 de primarul Capitalei care a venit s\u0103&hellip;<\/p>\n","protected":false},"author":0,"featured_media":45635,"comment_status":"open","ping_status":"open","sticky":false,"template":"","format":"standard","meta":{"footnotes":""},"categories":[3],"tags":[],"class_list":["post-45634","post","type-post","status-publish","format-standard","has-post-thumbnail","hentry","category-politica"],"_links":{"self":[{"href":"https:\/\/247stiri.ro\/index.php\/wp-json\/wp\/v2\/posts\/45634","targetHints":{"allow":["GET"]}}],"collection":[{"href":"https:\/\/247stiri.ro\/index.php\/wp-json\/wp\/v2\/posts"}],"about":[{"href":"https:\/\/247stiri.ro\/index.php\/wp-json\/wp\/v2\/types\/post"}],"replies":[{"embeddable":true,"href":"https:\/\/247stiri.ro\/index.php\/wp-json\/wp\/v2\/comments?post=45634"}],"version-history":[{"count":0,"href":"https:\/\/247stiri.ro\/index.php\/wp-json\/wp\/v2\/posts\/45634\/revisions"}],"wp:featuredmedia":[{"embeddable":true,"href":"https:\/\/247stiri.ro\/index.php\/wp-json\/wp\/v2\/media\/45635"}],"wp:attachment":[{"href":"https:\/\/247stiri.ro\/index.php\/wp-json\/wp\/v2\/media?parent=45634"}],"wp:term":[{"taxonomy":"category","embeddable":true,"href":"https:\/\/247stiri.ro\/index.php\/wp-json\/wp\/v2\/categories?post=45634"},{"taxonomy":"post_tag","embeddable":true,"href":"https:\/\/247stiri.ro\/index.php\/wp-json\/wp\/v2\/tags?post=45634"}],"curies":[{"name":"wp","href":"https:\/\/api.w.org\/{rel}","templated":true}]}}