{"id":45636,"date":"2025-04-07T14:44:55","date_gmt":"2025-04-07T14:44:55","guid":{"rendered":"https:\/\/247stiri.ro\/index.php\/2025\/04\/07\/olguta-vasilescu-ponta-e-suveranist-cum-sunt-si-eu-sorosista\/"},"modified":"2025-04-07T14:44:55","modified_gmt":"2025-04-07T14:44:55","slug":"olguta-vasilescu-ponta-e-suveranist-cum-sunt-si-eu-sorosista","status":"publish","type":"post","link":"https:\/\/247stiri.ro\/index.php\/2025\/04\/07\/olguta-vasilescu-ponta-e-suveranist-cum-sunt-si-eu-sorosista\/","title":{"rendered":"Olgu\u021ba Vasilescu: \u201ePonta e suveranist cum sunt \u0219i eu soro\u0219ist\u0103!\u201d"},"content":{"rendered":"<p>Olgu\u021ba Vasilescu lanseaz\u0103 torpile la Nicu\u0219or \u0219i Ponta<\/p>\n<p>\u201eMai e unul care se crede mare suveranist&#8230;dar care, atunci c\u00e2nd a fost prim-ministru, a venit ca o \u2018pontaie\u2019 b\u0103tut\u0103 de la Bruxelles, cu un \u2018to do list\u2019 \u00een bra\u0163e, cu un pact de coabitare pentru Traian B\u0103sescu \u015fi a f\u0103cut lucruri despre care s-a angajat \u00een fa\u0163a electoratului c\u0103 nu le face.\u00a0<\/p>\n<p>Dac\u0103 nu ar fi numit-o el pe Kove\u015fi, m\u0103 \u00eentreb cine oare ne-ar fi arestat pe noi, colegii lui de partid? Aceia\u0219i colegi de la care cere acum votul. Nu \u00eel vom da. A\u015fa este? Haide\u0163i s\u0103 \u015fi afle.<\/p>\n<p>De la Bucure\u015fti vine zeul criv\u0103\u0163ului din calorifere un personaj ciudat care mai mult vrea s\u0103 nu fac\u0103 dec\u00e2t s\u0103 fac\u0103.<\/p>\n<p>Mai este o doamn\u0103 care p\u00e2n\u0103 acum c\u00e2\u0163iva ani f\u0103cea reclam\u0103 la capace de WC \u015fi care acum spune c\u0103 nu-l mai suport\u0103 pe Marcel Ciolacu&#8230;dar uit\u0103 c\u0103 acum trei luni de zile pl\u00e2ngea pe la u\u015fa lui s\u0103 o sus\u0163in\u0103 la alegeri.\u201d, a transmis <a href=\"https:\/\/www.realitatea.net\/stiri\/actual\/lia-olguta-vasilescu-aleasa-presedinte-al-asociatiei-primarilor-din-romania_678a5fb85d537f14d6223283\" target=\"_blank\">Olgu\u021ba Vasilescu.<\/a><\/p>","protected":false},"excerpt":{"rendered":"<p>Olgu\u021ba Vasilescu lanseaz\u0103 torpile la Nicu\u0219or \u0219i Ponta \u201eMai e unul care se crede mare&hellip;<\/p>\n","protected":false},"author":0,"featured_media":45637,"comment_status":"open","ping_status":"open","sticky":false,"template":"","format":"standard","meta":{"footnotes":""},"categories":[3],"tags":[],"class_list":["post-45636","post","type-post","status-publish","format-standard","has-post-thumbnail","hentry","category-politica"],"_links":{"self":[{"href":"https:\/\/247stiri.ro\/index.php\/wp-json\/wp\/v2\/posts\/45636","targetHints":{"allow":["GET"]}}],"collection":[{"href":"https:\/\/247stiri.ro\/index.php\/wp-json\/wp\/v2\/posts"}],"about":[{"href":"https:\/\/247stiri.ro\/index.php\/wp-json\/wp\/v2\/types\/post"}],"replies":[{"embeddable":true,"href":"https:\/\/247stiri.ro\/index.php\/wp-json\/wp\/v2\/comments?post=45636"}],"version-history":[{"count":0,"href":"https:\/\/247stiri.ro\/index.php\/wp-json\/wp\/v2\/posts\/45636\/revisions"}],"wp:featuredmedia":[{"embeddable":true,"href":"https:\/\/247stiri.ro\/index.php\/wp-json\/wp\/v2\/media\/45637"}],"wp:attachment":[{"href":"https:\/\/247stiri.ro\/index.php\/wp-json\/wp\/v2\/media?parent=45636"}],"wp:term":[{"taxonomy":"category","embeddable":true,"href":"https:\/\/247stiri.ro\/index.php\/wp-json\/wp\/v2\/categories?post=45636"},{"taxonomy":"post_tag","embeddable":true,"href":"https:\/\/247stiri.ro\/index.php\/wp-json\/wp\/v2\/tags?post=45636"}],"curies":[{"name":"wp","href":"https:\/\/api.w.org\/{rel}","templated":true}]}}