{"id":45646,"date":"2025-04-07T14:44:59","date_gmt":"2025-04-07T14:44:59","guid":{"rendered":"https:\/\/247stiri.ro\/index.php\/2025\/04\/07\/uluitor-un-copil-de-13-ani-si-ar-fi-amenintat-o-colega-cu-foarfeca-la-scoala-ancheta-uriasa-in-judetul-timis\/"},"modified":"2025-04-07T14:44:59","modified_gmt":"2025-04-07T14:44:59","slug":"uluitor-un-copil-de-13-ani-si-ar-fi-amenintat-o-colega-cu-foarfeca-la-scoala-ancheta-uriasa-in-judetul-timis","status":"publish","type":"post","link":"https:\/\/247stiri.ro\/index.php\/2025\/04\/07\/uluitor-un-copil-de-13-ani-si-ar-fi-amenintat-o-colega-cu-foarfeca-la-scoala-ancheta-uriasa-in-judetul-timis\/","title":{"rendered":"Uluitor: un copil de 13 ani \u015fi-ar fi amenin\u0163at o coleg\u0103 cu foarfeca, la \u0219coal\u0103! Anchet\u0103 uria\u0219\u0103 \u00een jude\u0163ul Timi\u015f"},"content":{"rendered":"<p>IPJ Timi\u015f anun\u0163\u0103, luni, c\u0103 a demarat verific\u0103ri la o \u015fcoal\u0103 din comuna Peciu Nou, \u00een urma unor informa\u0163ii privind existen\u0163a unor imagini video care ar \u00eenf\u0103\u0163i\u015fa o posibil\u0103 situa\u0163ia conflictual\u0103 \u015fi amenin\u0163are.<\/p>\n<p>\u201dUn elev \u00een v\u00e2rst\u0103 de 13 ani, al unei \u015fcoli din comuna Peciu Nou, ar fi fost filmat \u00een timpul pauzei \u0163in\u00e2nd \u00een m\u00e2n\u0103 o foarfec\u0103 \u00eendreptat\u0103 spre o coleg\u0103 de clas\u0103, de aceea\u015fi v\u00e2rst\u0103, \u00een timp ce discuta cu aceasta\u201d, au transmis poli\u0163i\u015ftii.<\/p>\n<p>Agen\u0163ii Sec\u0163iei 4 Rurale Peciu Nou s-au sesizat din oficiu \u015fi s-au deplasat la unitatea de \u00eenv\u0103\u0163\u0103m\u00e2nt pentru efectuarea de verific\u0103ri, \u00een vederea stabilirii \u00eentregii situa\u0163ii de fapt.<\/p>\n<p>\u00a0<\/p>","protected":false},"excerpt":{"rendered":"<p>IPJ Timi\u015f anun\u0163\u0103, luni, c\u0103 a demarat verific\u0103ri la o \u015fcoal\u0103 din comuna Peciu Nou,&hellip;<\/p>\n","protected":false},"author":0,"featured_media":45647,"comment_status":"open","ping_status":"open","sticky":false,"template":"","format":"standard","meta":{"footnotes":""},"categories":[2],"tags":[],"class_list":["post-45646","post","type-post","status-publish","format-standard","has-post-thumbnail","hentry","category-actual"],"_links":{"self":[{"href":"https:\/\/247stiri.ro\/index.php\/wp-json\/wp\/v2\/posts\/45646","targetHints":{"allow":["GET"]}}],"collection":[{"href":"https:\/\/247stiri.ro\/index.php\/wp-json\/wp\/v2\/posts"}],"about":[{"href":"https:\/\/247stiri.ro\/index.php\/wp-json\/wp\/v2\/types\/post"}],"replies":[{"embeddable":true,"href":"https:\/\/247stiri.ro\/index.php\/wp-json\/wp\/v2\/comments?post=45646"}],"version-history":[{"count":0,"href":"https:\/\/247stiri.ro\/index.php\/wp-json\/wp\/v2\/posts\/45646\/revisions"}],"wp:featuredmedia":[{"embeddable":true,"href":"https:\/\/247stiri.ro\/index.php\/wp-json\/wp\/v2\/media\/45647"}],"wp:attachment":[{"href":"https:\/\/247stiri.ro\/index.php\/wp-json\/wp\/v2\/media?parent=45646"}],"wp:term":[{"taxonomy":"category","embeddable":true,"href":"https:\/\/247stiri.ro\/index.php\/wp-json\/wp\/v2\/categories?post=45646"},{"taxonomy":"post_tag","embeddable":true,"href":"https:\/\/247stiri.ro\/index.php\/wp-json\/wp\/v2\/tags?post=45646"}],"curies":[{"name":"wp","href":"https:\/\/api.w.org\/{rel}","templated":true}]}}