{"id":45657,"date":"2025-04-07T15:44:57","date_gmt":"2025-04-07T15:44:57","guid":{"rendered":"https:\/\/247stiri.ro\/index.php\/2025\/04\/07\/pescador-neinregistrat-depistat-pe-mare-de-garda-de-coasta-peste-760-de-kilograme-de-peste-descoperite-la-bord\/"},"modified":"2025-04-07T15:44:57","modified_gmt":"2025-04-07T15:44:57","slug":"pescador-neinregistrat-depistat-pe-mare-de-garda-de-coasta-peste-760-de-kilograme-de-peste-descoperite-la-bord","status":"publish","type":"post","link":"https:\/\/247stiri.ro\/index.php\/2025\/04\/07\/pescador-neinregistrat-depistat-pe-mare-de-garda-de-coasta-peste-760-de-kilograme-de-peste-descoperite-la-bord\/","title":{"rendered":"Pescador ne\u00eenregistrat, depistat pe mare de Garda de Coast\u0103. Peste 760 de kilograme de pe\u0219te, descoperite la bord"},"content":{"rendered":"<p>Conform sursei citate, poli\u021bi\u0219tii de frontier\u0103 din cadrul G\u0103rzii de Coast\u0103 &#8211; Grup de Nave Mangalia au desf\u0103\u0219urat o ac\u021biune privind prevenirea \u0219i combaterea pescuitului ilegal, nedeclarat \u0219i nereglementat \u00een Marea Neagr\u0103, \u00een cadrul c\u0103reia, la o distan\u021b\u0103 de aproximativ 14 mile marine est de Costine\u0219ti, au detectat un pescador la bordul c\u0103ruia se aflau patru persoane care pescuiau.<\/p>\n<p>\u00centruc\u00e2t existau suspiciuni cu privire la activitatea desf\u0103\u0219urat\u0103 de ace\u0219tia, dar \u0219i la situa\u021bia juridic\u0103 a pescadorului, ambarca\u021biunea a fost dus\u0103 \u00een portul Mangalia pentru verific\u0103ri.<\/p>\n<p>&#8222;Poli\u021bi\u0219tii de frontier\u0103, \u00eempreun\u0103 cu reprezentan\u021bi ai C\u0103pit\u0103niei Mangalia \u0219i Agen\u021biei Na\u021bionale pentru Pescuit \u0219i Acvacultur\u0103 au constatat faptul c\u0103 dimensiunile ambarca\u021biunii nu corespund cu cele din certificatul de \u00eenmatriculare, motorul folosit pentru propulsie figureaz\u0103 \u00een baza de date ca fiind furat din Suedia, respectiv activitatea de pescuit este desf\u0103\u0219urat\u0103 ilegal \u0219i nereglementat. Totodat\u0103, de la bordul ambarca\u021biunii a fost re\u021binut\u0103 cantitatea de 736 kg de calcan \u0219i 28 kg vulpe de mare&#8221;, reiese din comunicatul transmis de Garda de Coast\u0103.<\/p>\n\n<p>\u00centreaga cantitate de pe\u0219te, estimat\u0103 la o valoare de 30.000 lei, a fost predat\u0103 unei societ\u0103\u021bi comerciale de profil.<\/p>\n<p>Totodat\u0103, ambarca\u021biunea, motorul acesteia, dar \u0219i 3.600 metri de plas\u0103, \u00een valoare total\u0103 de peste 70.000 lei, au fost confiscate.<\/p>\n<p>Sub supravegherea Parchetului de pe l\u00e2ng\u0103 Tribunalul Constan\u021ba, poli\u021bi\u0219tii de frontier\u0103 fac cercet\u0103ri pentru s\u0103v\u00e2r\u0219irea infrac\u021biunilor de t\u0103inuire, utilizarea unei ambarca\u021biuni la pescuit \u00een scop comercial inscrip\u021bionat\u0103 cu date false, precum \u0219i pentru punerea \u00een exploatare a unei nave ne\u00eenregistrate.\u00a0<\/p>","protected":false},"excerpt":{"rendered":"<p>Conform sursei citate, poli\u021bi\u0219tii de frontier\u0103 din cadrul G\u0103rzii de Coast\u0103 &#8211; Grup de Nave&hellip;<\/p>\n","protected":false},"author":0,"featured_media":45658,"comment_status":"open","ping_status":"open","sticky":false,"template":"","format":"standard","meta":{"footnotes":""},"categories":[2],"tags":[],"class_list":["post-45657","post","type-post","status-publish","format-standard","has-post-thumbnail","hentry","category-actual"],"_links":{"self":[{"href":"https:\/\/247stiri.ro\/index.php\/wp-json\/wp\/v2\/posts\/45657","targetHints":{"allow":["GET"]}}],"collection":[{"href":"https:\/\/247stiri.ro\/index.php\/wp-json\/wp\/v2\/posts"}],"about":[{"href":"https:\/\/247stiri.ro\/index.php\/wp-json\/wp\/v2\/types\/post"}],"replies":[{"embeddable":true,"href":"https:\/\/247stiri.ro\/index.php\/wp-json\/wp\/v2\/comments?post=45657"}],"version-history":[{"count":0,"href":"https:\/\/247stiri.ro\/index.php\/wp-json\/wp\/v2\/posts\/45657\/revisions"}],"wp:featuredmedia":[{"embeddable":true,"href":"https:\/\/247stiri.ro\/index.php\/wp-json\/wp\/v2\/media\/45658"}],"wp:attachment":[{"href":"https:\/\/247stiri.ro\/index.php\/wp-json\/wp\/v2\/media?parent=45657"}],"wp:term":[{"taxonomy":"category","embeddable":true,"href":"https:\/\/247stiri.ro\/index.php\/wp-json\/wp\/v2\/categories?post=45657"},{"taxonomy":"post_tag","embeddable":true,"href":"https:\/\/247stiri.ro\/index.php\/wp-json\/wp\/v2\/tags?post=45657"}],"curies":[{"name":"wp","href":"https:\/\/api.w.org\/{rel}","templated":true}]}}