{"id":45659,"date":"2025-04-07T15:44:57","date_gmt":"2025-04-07T15:44:57","guid":{"rendered":"https:\/\/247stiri.ro\/index.php\/2025\/04\/07\/crin-antonescu-anunt-de-ultima-ora-despre-modificari-ale-pensiilor-si-a-varstei-de-pensionare-ce-a-cerut-coalitiei-si-va-deveni-in-curand-lege\/"},"modified":"2025-04-07T15:44:57","modified_gmt":"2025-04-07T15:44:57","slug":"crin-antonescu-anunt-de-ultima-ora-despre-modificari-ale-pensiilor-si-a-varstei-de-pensionare-ce-a-cerut-coalitiei-si-va-deveni-in-curand-lege","status":"publish","type":"post","link":"https:\/\/247stiri.ro\/index.php\/2025\/04\/07\/crin-antonescu-anunt-de-ultima-ora-despre-modificari-ale-pensiilor-si-a-varstei-de-pensionare-ce-a-cerut-coalitiei-si-va-deveni-in-curand-lege\/","title":{"rendered":"Crin Antonescu, anun\u021b de ultim\u0103 or\u0103 despre modific\u0103ri ale pensiilor \u0219i a v\u00e2rstei de pensionare. Ce a cerut coali\u021biei \u0219i va deveni \u00een cur\u00e2nd lege"},"content":{"rendered":"<p>Aceast\u0103 decizie vine ca parte a unei ini\u021biative mai largi, menit\u0103 s\u0103 elimine inechit\u0103\u021bile existente \u00een sistemul de pensii speciale pentru magistra\u021bi. Antonescu a subliniat c\u0103 a solicitat acest principiu coali\u021biei de guvernare \u0219i c\u0103 a fost primit cu deschidere. Proiectul de lege, care va fi depus \u00een Parlament, este sus\u021binut de to\u021bi cei patru pre\u0219edin\u021bi ai partidelor din coali\u021bie.<\/p>\n<p>\u201eA\u0219 vrea doar s\u0103 v\u0103 anun\u021b un lucru care s-a decis acum \u0219i dup\u0103 aceea nu o s\u0103 iau \u00eentreb\u0103ri deocamdat\u0103, doar acest anun\u021b. Exist\u0103 o sum\u0103 de cel pu\u021bin 230 de milioane de euro care sunt bloca\u021bi din PNRR. Ace\u0219tia sunt bani care se cuvin tuturor rom\u00e2nilor \u0219i nu pot r\u0103m\u00e2ne bloca\u021bi f\u0103r\u0103 ca m\u0103surile pe care Guvernul Rom\u00e2niei trebuie s\u0103 le ia s\u0103 fie adoptate.<\/p>\n<p><a title=\"Alegeri prezidentiale 2025. Campania electorala a inceput. Cine sunt cei 11 candidati intrati in cursa: regulile stabilite de AEP\" href=\"https:\/\/www.realitatea.net\/stiri\/politica\/alegeri-prezidentiale-2025-campania-electorala-incepe-in-aceasta-noapte-la-ora-0000-cine-sunt-cei-11-candidati-care-intra-in-lupta-regulile-stabilite-de-aep_67eed705ebd7e550ff165ba2\">Alegeri preziden\u021biale 2025. Campania electoral\u0103 a \u00eenceput. Cine sunt cei 11 candida\u021bi intra\u021bi \u00een curs\u0103: regulile stabilite de AEP<\/a><\/p>\n<p>Am solicitat cu fermitate ast\u0103zi coali\u021biei de guvernare, la aceast\u0103 reuniune, s\u0103 termin\u0103m odat\u0103 cu pensiile speciale din magistratur\u0103, cu v\u00e2rstele de pensionare diferite, pentru c\u0103 trebuie s\u0103 existe un principiu de echitate pentru to\u021bi cet\u0103\u021benii acestei \u021b\u0103ri.<\/p>\n<p>Magistra\u021bii care vor intra \u00een magistratur\u0103, cei care vor \u00eencepe activitatea \u00een magistratur\u0103, trebuie s\u0103 ias\u0103 la pensie la 65 de ani, precum to\u021bi ceilal\u021bi cet\u0103\u021beni ai \u021b\u0103rii. Am cerut acest lucru coali\u021biei, s-a acceptat acest principiu, m\u00e2ine va fi depus la parlament un proiect de lege, semnat de to\u021bi cei patru pre\u0219edin\u021bi ai partidelor care compun coali\u021bia de guvernare.<\/p>\n<p>Este vorba \u00eenc\u0103 o dat\u0103 de pensiile speciale din magistratur\u0103 \u0219i de v\u00e2rsta de pensionare \u00een magistratur\u0103. Detalii despre aceast\u0103 lege ve\u021bi afla \u00eencep\u00e2nd de m\u00e2ine, ceea ce am vrut eu s\u0103 v\u0103 anun\u021b eu ast\u0103zi este c\u0103 am cerut acest lucru coali\u021biei \u0219i coali\u021bia l-a acceptat. Toate detaliile le ve\u021bi avea, eu v-am spus acum principiile, \u0219i cred c\u0103 aceste principii \u00ee\u0219i au izvorul \u00een Constitu\u021bie\u201d, a spus Crin Antonescu \u00een fa\u021ba reporterilor.<\/p>\n<p><a title='Crin Antonescu: \"Politica externa este in impas, nu guvernul e de vina. Blocajul se va rezolva dupa alegeri\"' href=\"https:\/\/www.realitatea.net\/stiri\/actual\/crin-antonescu-politica-externa-este-in-impas-nu-guvernul-e-de-vina-blocajul-se-va-rezolva-dupa-alegeri_67eff6a2be0f6a2dd8413292\">Crin Antonescu: \u201dPolitica extern\u0103 este \u00een impas, nu guvernul e de vin\u0103. Blocajul se va rezolva dup\u0103 alegeri\u201d<\/a><\/p>","protected":false},"excerpt":{"rendered":"<p>Aceast\u0103 decizie vine ca parte a unei ini\u021biative mai largi, menit\u0103 s\u0103 elimine inechit\u0103\u021bile existente&hellip;<\/p>\n","protected":false},"author":0,"featured_media":45652,"comment_status":"open","ping_status":"open","sticky":false,"template":"","format":"standard","meta":{"footnotes":""},"categories":[2],"tags":[],"class_list":["post-45659","post","type-post","status-publish","format-standard","has-post-thumbnail","hentry","category-actual"],"_links":{"self":[{"href":"https:\/\/247stiri.ro\/index.php\/wp-json\/wp\/v2\/posts\/45659","targetHints":{"allow":["GET"]}}],"collection":[{"href":"https:\/\/247stiri.ro\/index.php\/wp-json\/wp\/v2\/posts"}],"about":[{"href":"https:\/\/247stiri.ro\/index.php\/wp-json\/wp\/v2\/types\/post"}],"replies":[{"embeddable":true,"href":"https:\/\/247stiri.ro\/index.php\/wp-json\/wp\/v2\/comments?post=45659"}],"version-history":[{"count":0,"href":"https:\/\/247stiri.ro\/index.php\/wp-json\/wp\/v2\/posts\/45659\/revisions"}],"wp:featuredmedia":[{"embeddable":true,"href":"https:\/\/247stiri.ro\/index.php\/wp-json\/wp\/v2\/media\/45652"}],"wp:attachment":[{"href":"https:\/\/247stiri.ro\/index.php\/wp-json\/wp\/v2\/media?parent=45659"}],"wp:term":[{"taxonomy":"category","embeddable":true,"href":"https:\/\/247stiri.ro\/index.php\/wp-json\/wp\/v2\/categories?post=45659"},{"taxonomy":"post_tag","embeddable":true,"href":"https:\/\/247stiri.ro\/index.php\/wp-json\/wp\/v2\/tags?post=45659"}],"curies":[{"name":"wp","href":"https:\/\/api.w.org\/{rel}","templated":true}]}}