{"id":45670,"date":"2025-04-07T16:44:56","date_gmt":"2025-04-07T16:44:56","guid":{"rendered":"https:\/\/247stiri.ro\/index.php\/2025\/04\/07\/traian-basescu-declaratii-incendiare-la-realitatea-plus-nu-ma-poate-convinge-nimeni-ca-s-au-anulat-alegerile-din-cauza-lui-georgescu\/"},"modified":"2025-04-07T16:44:56","modified_gmt":"2025-04-07T16:44:56","slug":"traian-basescu-declaratii-incendiare-la-realitatea-plus-nu-ma-poate-convinge-nimeni-ca-s-au-anulat-alegerile-din-cauza-lui-georgescu","status":"publish","type":"post","link":"https:\/\/247stiri.ro\/index.php\/2025\/04\/07\/traian-basescu-declaratii-incendiare-la-realitatea-plus-nu-ma-poate-convinge-nimeni-ca-s-au-anulat-alegerile-din-cauza-lui-georgescu\/","title":{"rendered":"Traian B\u0103sescu, declara\u021bii incendiare la Realitatea Plus: \u201eNu m\u0103 poate convinge nimeni c\u0103 s-au anulat alegerile din cauza lui Georgescu\u201d"},"content":{"rendered":"<p>\u00cen opinia sa, anularea scrutinului nu are leg\u0103tur\u0103 cu eventuale fraude sau cu influen\u021be externe, ci este rezultatul direct al absen\u021bei unui candidat puternic din partea celor dou\u0103 partide.\u00a0B\u0103sescu a subliniat c\u0103, \u00een cazul \u00een care Marcel Ciolacu, liderul PSD, ar fi intrat \u00een turul al doilea al alegerilor, acestea nu ar fi fost anulate.<\/p>\n<p>Realitatea Plus: \u00centr-o declara\u021bie sus\u021bine\u021bi c\u0103 alegerile au fost anulate doar pentru c\u0103 PSD \u0219i PNL nu au reu\u0219it s\u0103 trimit\u0103 un candidat \u00een turul al doilea. Iar \u00een opinia dumneavoastr\u0103, anularea scrutinului nu are leg\u0103tur\u0103 nici cu Georgescu, nici cu Rusia, ci exclusiv cu aceast\u0103 disperare a partidelor de a avea omul lor la Cotroceni pentru a-\u0219i asigura protec\u021bia. Sunt declara\u021bii extrem de grave pe care le face\u021bi, mai ales c\u0103 sunte\u021bi fostul pre\u0219edinte al Rom\u00e2niei \u0219i ave\u021bi clar proprietatea termenilor.<\/p>\n<p>Traian B\u0103sescu: Nu numai c\u0103 am proprietatea termenilor, am tr\u0103it experien\u021be similare. Eu observ ce se \u00eent\u00e2mpl\u0103 f\u0103c\u00e2nd compara\u021bie cu ce mi s-a \u00eent\u00e2mplat mie. V-a\u0219 pune o \u00eentrebare simpl\u0103, p\u00e2n\u0103 una alta, \u0219i o pun oricui: dac\u0103 Ciolacu intra \u00een turul doi se anulau alegerile?<\/p>\n<p>Realitatea Plus: Nu.<\/p>\n<p>Traian B\u0103sescu: Mul\u021bumesc. Este o \u00eentrebare mi-o pun foarte u\u0219or, se anulau sau nu alegerile? R\u0103spunsul categoric este c\u0103 dac\u0103 Ciolacu era \u00een turul doi cu Georgescu nu se anula nicio alegere.<\/p>\n<p>Realitatea Plus: Marcel Ciolacu a discutat despre acel plan B, a spus c\u0103 de\u0219i a sim\u021bit c\u0103 se dore\u0219te anularea alegerilor prin acea renum\u0103rare a voturilor, nu \u0219i-a dorit renum\u0103rarea voturilor pentru c\u0103 nu dorea s\u0103 intre \u00een aceast\u0103 curs\u0103 preziden\u021bial\u0103 \u00een acest fel.<\/p>\n<p>Traian B\u0103sescu: Nu vroia s\u0103 se anuleze alegerile \u0219i s\u0103 intre \u00een tur \u00een acest fel. Aduce\u021bi-v\u0103 aminte, la alegerile din 2009, aceia\u0219i domni spuneau sus \u0219i tare c\u0103 s-au fraudat alegerile. Au cerut renum\u0103rarea voturilor. Curtea Constitu\u021bional\u0103 a aprobat \u00een prim\u0103 faz\u0103 s\u0103 se renumere voturile anulate. S-a constatat c\u0103 cel furat la vot am fost eu, \u0219i nu Mircea Geoan\u0103. Dup\u0103 care Curtea Constitu\u021bional\u0103 a validat alegerile.<\/p>\n<p>Aici Ciolacu \u0219i-a dat seama c\u0103 la num\u0103rare nu poate ie\u0219i \u0219i i-a fost fric\u0103 s\u0103 mearg\u0103 p\u00e2n\u0103 la cap\u0103t cu cei care au stabilit anularea alegerilor dup\u0103 ce turul unu fusese validat deja de Curtea Constitu\u021bional\u0103. Deci nu m\u0103 poate convinge nimeni c\u0103 s-au anulat alegerile din cauza lui Georgescu. S-au anulat alegerile din cauza c\u0103 Ciolacu nu a intrat \u00een turul doi. Imagina\u021bi-v\u0103 turul doi cu Ciolacu \u0219i Georgescu, \u00een mod cert nimeni nu ar fi anulat alegerile.<\/p>\n<p>Realitatea Plus: Ce le r\u0103spunde\u021bi celor care spun c\u0103 veni\u021bi acum cu aceast\u0103 opinie pentru c\u0103 \u00eel sus\u021bine\u021bi pe Nicu\u0219or Dan \u0219i nu a\u021bi avut acest discurs imediat dup\u0103 6 decembrie, atunci c\u00e2nd au fost anulate alegerile preziden\u021biale de c\u0103tre CCR?<\/p>\n<p><a title='Traian Basescu, dupa protestele din America: ,,Donald Trump nu-si va revizui deciziile\"' href=\"https:\/\/www.realitatea.net\/stiri\/actual\/train-basescu-dupa-protestele-din-america-donald-trump-nusi-va-revizui-deciziile_67f2cfa6bb68d807c4510982\">Traian B\u0103sescu, dup\u0103 protestele din America: \u201eDonald Trump nu-\u015fi va revizui deciziile\u201d<\/a><\/p>\n<p>Traian B\u0103sescu: Nu e adev\u0103rat. V\u0103 rog s\u0103 c\u0103uta\u021bi \u00een arhiv\u0103 s\u0103 vede\u021bi c\u0103 am pus sub semnul \u00eentreb\u0103rii anularea alegerilor. Niciodat\u0103 nu am spus c\u0103 este corect\u0103 anularea alegerilor. De la bun \u00eenceput am pus-o sub semnul \u00eentreb\u0103rii din punctul de vedere al competen\u021belor Cur\u021bii Constitu\u021bionale, nu din punct de vedere al eventualelor fraude ale domnului Georgescu. Deci din punct de vedere al competen\u021belor. \u0218i pentru buna clarificare, eu sunt un politician care a c\u00e2\u0219tigat de dou\u0103 ori prim\u0103ria Capitalei, de dou\u0103 ori pre\u0219edin\u021bia Rom\u00e2niei, \u0219i v\u0103d c\u00e2te un \u00eencep\u0103tor, politician f\u0103r\u0103 performan\u021be care spune \u201eB\u0103sescu minte\u201d.<\/p>\n<p>Realitatea Plus: Pute\u021bi clarifica o problem\u0103: se tot spune c\u0103 exist\u0103 posibilitatea ca alegerile s\u0103 nu fie recunoscute. Domnul Ciolacu a declarat c\u0103 dac\u0103 ar fi candidat din nou la scrutinul din luna mai, atunci SUA nu ar fi recunoscut alegerile.<\/p>\n<p>Traian B\u0103sescu: Argumenta\u021bia este cu totul deplasat\u0103. Eu am spus c\u0103 exist\u0103 riscul s\u0103 nu fie recunoscute dac\u0103 nu se vor desf\u0103\u0219ura \u00een condi\u021bii excep\u021bionale. \u00cen momentul de fa\u021b\u0103, a\u021bi v\u0103zut c\u0103 alegerile din Rom\u00e2nia au devenit o problem\u0103 interna\u021bional\u0103. O lume \u00eentreag\u0103 \u0219tie c\u0103 e o problem\u0103 cu alegerea pre\u0219edintelui \u00een Rom\u00e2nia, dup\u0103 declara\u021biile lui JD Vance.<\/p>\n<p>Niciodat\u0103 nu am spus c\u0103 SUA nu va recunoa\u0219te alegerile, am spus c\u0103 s-ar putea s\u0103 fie state care nu recunosc alegerile. Ori aici responsabilitatea de care fuge domnul Ciolacu, \u0219i nu am ceva neap\u0103rat cu d\u00e2nsul, dar d\u00e2nsul este responsabil pentru e\u0219ecul alegerilor din anul 2024. D\u00e2nsul este responsabil, conform constitu\u021biei \u0219i legii, \u0219i de organizarea alegerilor preziden\u021biale acum.<\/p>\n<p>Dac\u0103 d\u00e2nsul sau Bolojan candida, nu cred c\u0103 era relevant, cred c\u0103 relevant este s\u0103 se desf\u0103\u0219oare alegerile perfect. Pentru c\u0103 avem o problem\u0103: nu am putut demonstra, statul rom\u00e2n, c\u0103 Georgescu a fraudat alegerile. Cel pu\u021bin elementele care erau vizibile la momentul anul\u0103rii alegerilor, nu demonstreaz\u0103 suficient de clar c\u0103 Georgescu a fraudat campania electoral\u0103. Ce se va aduna \u00een urm\u0103torii ani, vedem, dar anularea alegerilor s-a produs pe 6 decembrie \u0219i ea trebuie socotit\u0103 cu elementele care existau atunci, la dispozi\u021bia organismelor statului.<\/p>\n<p><a title='Basescu, despre emisarii lui Ciolacu la Washington: ,,Premierul a pus Romania intr-o situatie penibila!\"' href=\"https:\/\/www.realitatea.net\/stiri\/actual\/basescu-despre-emisarii-lui-ciolacu-la-washington-a-pus-romania-intro-situatie-penibila_67f2d679547f72263615f582\">B\u0103sescu, despre emisarii lui Ciolacu la Washington: \u201ePremierul a pus Rom\u00e2nia \u00eentr-o situa\u021bie penibil\u0103!\u201d<\/a><\/p>","protected":false},"excerpt":{"rendered":"<p>\u00cen opinia sa, anularea scrutinului nu are leg\u0103tur\u0103 cu eventuale fraude sau cu influen\u021be externe,&hellip;<\/p>\n","protected":false},"author":0,"featured_media":45669,"comment_status":"open","ping_status":"open","sticky":false,"template":"","format":"standard","meta":{"footnotes":""},"categories":[2],"tags":[],"class_list":["post-45670","post","type-post","status-publish","format-standard","has-post-thumbnail","hentry","category-actual"],"_links":{"self":[{"href":"https:\/\/247stiri.ro\/index.php\/wp-json\/wp\/v2\/posts\/45670","targetHints":{"allow":["GET"]}}],"collection":[{"href":"https:\/\/247stiri.ro\/index.php\/wp-json\/wp\/v2\/posts"}],"about":[{"href":"https:\/\/247stiri.ro\/index.php\/wp-json\/wp\/v2\/types\/post"}],"replies":[{"embeddable":true,"href":"https:\/\/247stiri.ro\/index.php\/wp-json\/wp\/v2\/comments?post=45670"}],"version-history":[{"count":0,"href":"https:\/\/247stiri.ro\/index.php\/wp-json\/wp\/v2\/posts\/45670\/revisions"}],"wp:featuredmedia":[{"embeddable":true,"href":"https:\/\/247stiri.ro\/index.php\/wp-json\/wp\/v2\/media\/45669"}],"wp:attachment":[{"href":"https:\/\/247stiri.ro\/index.php\/wp-json\/wp\/v2\/media?parent=45670"}],"wp:term":[{"taxonomy":"category","embeddable":true,"href":"https:\/\/247stiri.ro\/index.php\/wp-json\/wp\/v2\/categories?post=45670"},{"taxonomy":"post_tag","embeddable":true,"href":"https:\/\/247stiri.ro\/index.php\/wp-json\/wp\/v2\/tags?post=45670"}],"curies":[{"name":"wp","href":"https:\/\/api.w.org\/{rel}","templated":true}]}}