{"id":45685,"date":"2025-04-07T17:44:57","date_gmt":"2025-04-07T17:44:57","guid":{"rendered":"https:\/\/247stiri.ro\/index.php\/2025\/04\/07\/este-oficial-paul-de-romania-a-fost-arestat-in-franta-ce-se-va-intampla-cu-printul-fugar-cand-va-fi-adus-inapoi-in-tara\/"},"modified":"2025-04-07T17:44:57","modified_gmt":"2025-04-07T17:44:57","slug":"este-oficial-paul-de-romania-a-fost-arestat-in-franta-ce-se-va-intampla-cu-printul-fugar-cand-va-fi-adus-inapoi-in-tara","status":"publish","type":"post","link":"https:\/\/247stiri.ro\/index.php\/2025\/04\/07\/este-oficial-paul-de-romania-a-fost-arestat-in-franta-ce-se-va-intampla-cu-printul-fugar-cand-va-fi-adus-inapoi-in-tara\/","title":{"rendered":"Este oficial: Paul de Rom\u00e2nia a fost arestat \u00een Fran\u021ba. Ce se va \u00eent\u00e2mpla cu prin\u021bul fugar &#8211; c\u00e2nd va fi adus \u00eenapoi \u00een \u021bar\u0103"},"content":{"rendered":"<p>\u201dMinisterul Justi\u021biei a luat act de ac\u021biunea autorit\u0103\u021bilor franceze privind re\u021binerea cet\u0103\u021beanului Al Rom\u00e2niei Paul Philippe. Luni, cet\u0103\u021beanul Al Rom\u00e2niei Paul Philippe a fost preluat de la domiciliul acestuia \u0219i dus \u00een fa\u021ba unui magistrat al Cur\u021bii de Apel Paris, unde s-a desf\u0103\u0219urat o audiere preliminar\u0103. Dup\u0103 ascultarea argumentelor p\u0103r\u021bilor, s-a dispus plasarea \u00een arest a cet\u0103\u021beanului rom\u00e2n sus-men\u021bionat, \u00een vederea pred\u0103rii acestuia autorit\u0103\u021bilor rom\u00e2ne\u201d, precizeaz\u0103 Ministerul Justi\u021biei, \u00eentr-un comunicat transmis Agerpres.Sursa citat\u0103 men\u021bioneaz\u0103 c\u0103 primul termen \u00een fa\u021ba Camerei de Instruc\u021bie a fost stabilit pentru miercuri, iar decizia de predare va apar\u021bine justi\u021biei franceze.\u00cen 2020, \u00cenalta Curte de Casa\u021bie \u0219i Justi\u021bie l-a condamnat definitiv pe Paul al Rom\u00e2niei la trei ani \u0219i patru luni de \u00eenchisoare cu executare, \u00een dosarul retroced\u0103rii ilegale a Fermei regale de la B\u0103neasa.<\/p>\n<p><a title=\"Paul de Romania, tot mai aproape de a fi adus in Romania. Autoritatile franceze l-ar fi arestat la Paris - SURSE\" href=\"https:\/\/www.realitatea.net\/stiri\/actual\/paul-de-romania-tot-mai-aproape-de-a-fi-adus-in-romania-autoritatile-franceze-lar-fi-arestat-la-paris-surse_67f387ac6c4b9147215f4c89\">Paul de Rom\u00e2nia, tot mai aproape de a fi adus \u00een Rom\u00e2nia. Autorit\u0103\u021bile franceze l-ar fi arestat la Paris &#8211; SURSE<\/a>El a fugit din Rom\u00e2nia \u00eenainte de pronun\u021barea sentin\u021bei, stabilindu-se \u00een Fran\u021ba. \u00cen iunie 2022, el a fost prins la Paris, dar o Curte de Apel a refuzat s\u0103 \u00eel extr\u0103deze, pe motiv c\u0103 exist\u0103 un &#8222;risc real&#8221; ca drepturile lui fundamentale s\u0103-i fie \u00eenc\u0103lcate \u00een \u021bara noastr\u0103.La sf\u00e2r\u0219itul lunii aprilie 2024, Paul al Rom\u00e2niei s-a deplasat \u00een Malta, unde a fost re\u021binut de autorit\u0103\u021bile din insul\u0103, \u00een urma informa\u021biilor transmise de poli\u021bi\u0219tii rom\u00e2ni.\u00cen luna iulie 2024, Curtea de Justi\u021bie a Uniunii Europene a stabilit c\u0103 justi\u021bia din Fran\u021ba nu a procedat &#8222;corect&#8221; \u00een dosarul privind mandatul european de arestare pe numele lui Paul-Philippe al Rom\u00e2niei, iar autorit\u0103\u021bile rom\u00e2ne sperau c\u0103 instan\u021bele din Malta vor \u021bine seama de aceast\u0103 decizie, \u00eens\u0103 acesta a fost l\u0103sat \u00een libertate.\u00a0<\/p>\n<p><a title=\" De ce a fost arestat Paul de Romania la Paris? Ministrul Justitiei a dezvaluit decizia care ar trebui sa blocheze orice portita de evitare a extradarii\" href=\"https:\/\/www.realitatea.net\/stiri\/actual\/de-ce-a-fost-arestat-paul-de-romania-la-paris-ministrul-justitiei-a-dezvaluit-decizia-care-ar-trebui-sa-blocheze-orice-portita-de-blocare-a-extradarii_67f3b26c132b676b9010f232\">De ce a fost arestat Paul de Rom\u00e2nia la Paris? Ministrul Justi\u021biei a dezv\u0103luit decizia care ar trebui s\u0103 blocheze orice porti\u021b\u0103 de evitare a extr\u0103d\u0103rii<\/a><\/p>","protected":false},"excerpt":{"rendered":"<p>\u201dMinisterul Justi\u021biei a luat act de ac\u021biunea autorit\u0103\u021bilor franceze privind re\u021binerea cet\u0103\u021beanului Al Rom\u00e2niei Paul&hellip;<\/p>\n","protected":false},"author":0,"featured_media":45686,"comment_status":"open","ping_status":"open","sticky":false,"template":"","format":"standard","meta":{"footnotes":""},"categories":[2],"tags":[],"class_list":["post-45685","post","type-post","status-publish","format-standard","has-post-thumbnail","hentry","category-actual"],"_links":{"self":[{"href":"https:\/\/247stiri.ro\/index.php\/wp-json\/wp\/v2\/posts\/45685","targetHints":{"allow":["GET"]}}],"collection":[{"href":"https:\/\/247stiri.ro\/index.php\/wp-json\/wp\/v2\/posts"}],"about":[{"href":"https:\/\/247stiri.ro\/index.php\/wp-json\/wp\/v2\/types\/post"}],"replies":[{"embeddable":true,"href":"https:\/\/247stiri.ro\/index.php\/wp-json\/wp\/v2\/comments?post=45685"}],"version-history":[{"count":0,"href":"https:\/\/247stiri.ro\/index.php\/wp-json\/wp\/v2\/posts\/45685\/revisions"}],"wp:featuredmedia":[{"embeddable":true,"href":"https:\/\/247stiri.ro\/index.php\/wp-json\/wp\/v2\/media\/45686"}],"wp:attachment":[{"href":"https:\/\/247stiri.ro\/index.php\/wp-json\/wp\/v2\/media?parent=45685"}],"wp:term":[{"taxonomy":"category","embeddable":true,"href":"https:\/\/247stiri.ro\/index.php\/wp-json\/wp\/v2\/categories?post=45685"},{"taxonomy":"post_tag","embeddable":true,"href":"https:\/\/247stiri.ro\/index.php\/wp-json\/wp\/v2\/tags?post=45685"}],"curies":[{"name":"wp","href":"https:\/\/api.w.org\/{rel}","templated":true}]}}