{"id":45697,"date":"2025-04-07T18:44:49","date_gmt":"2025-04-07T18:44:49","guid":{"rendered":"https:\/\/247stiri.ro\/index.php\/2025\/04\/07\/jurnalist-american-persecutia-lui-calin-georgescu-continua-presa-mincinoasa-il-face-extremist\/"},"modified":"2025-04-07T18:44:49","modified_gmt":"2025-04-07T18:44:49","slug":"jurnalist-american-persecutia-lui-calin-georgescu-continua-presa-mincinoasa-il-face-extremist","status":"publish","type":"post","link":"https:\/\/247stiri.ro\/index.php\/2025\/04\/07\/jurnalist-american-persecutia-lui-calin-georgescu-continua-presa-mincinoasa-il-face-extremist\/","title":{"rendered":"Jurnalist american: \u201ePersecu\u021bia lui C\u0103lin Georgescu continu\u0103! Presa mincinoas\u0103 \u00eel face extremist\u201d"},"content":{"rendered":"<p>Jurnalist american: \u201eC\u0103lin Georgescu, arestat ca Donald Trump!\u201d<\/p>\n<p>ROB FINNERTY, jurnalist american<\/p>\n<p>Am vrut s\u0103 v\u0103 dau un update despre un subiect pe care \u00eel urm\u0103rim de mult timp \u2013 alegerile furate din Rom\u00e2nia \u0219i ce se \u00eent\u00e2mpl\u0103 acum \u00een restul Europei. A\u021bi auzit de asta? \u00cencepem cu Rom\u00e2nia. <a href=\"https:\/\/www.realitatea.net\/stiri\/actual\/traian-basescu-declaratii-incendiare-la-realitatea-plus-nu-ma-poate-convinge-nimeni-ca-sau-anulat-alegerile-din-cauza-lui-georgescu_67f3fe17fc2611323b644fb2\" target=\"_blank\">Persecu\u021bia politic\u0103 a lui C\u0103lin Georgescu<\/a> continu\u0103. Poate v\u0103 aminti\u021bi numele C\u0103lin Georgescu. A fost candidatul p\u0103cii \u00een Rom\u00e2nia \u0219i omul care a c\u00e2\u0219tigat primul tur al alegerilor preziden\u021biale din noiembrie, doar pentru ca victoria s\u0103-i fie luat\u0103 o s\u0103pt\u0103m\u00e2n\u0103 mai t\u00e2rziu \u0219i anulat\u0103 de \u00cenalta Curte din Rom\u00e2nia. Suntem singura emisiune care a continuat s\u0103 relateze acest caz de la \u00eenceput.<\/p>\n<p>Domnul Georgescu a fost invitatul nostru, \u00een exclusivitate, de trei ori, iar la \u00eenceputul acestei luni a avut loc o \u00eentors\u0103tur\u0103 \u0219ocant\u0103 \u00een acest caz: serviciul de informa\u021bii din Rom\u00e2nia, similar FBI-ului, \u00eempreun\u0103 cu Autoritatea Electoral\u0103 Permanent\u0103, i-au interzis oficial candidatura lui C\u0103lin Georgescu \u00een cadrul alegerilor speciale reprogramate pe 4 mai. Alegeri pe care deja le c\u00e2\u0219tigase, ceea ce a dus la proteste masive \u00een toat\u0103 Rom\u00e2nia \u0219i \u00een capitala Bucure\u0219ti.<\/p>\n<p>C\u0102LIN GEORGESCU, c\u00e2\u0219tig\u0103torul primului tur al alegerilor din 2024<\/p>\n<p>\u00a0Nu putem s\u0103 fim liberi dec\u00e2t dac\u0103 suntem uni\u021bi. Sistemul a \u00eencercat s\u0103 ne dezbine, dar asta nu face dec\u00e2t s\u0103 ne uneasc\u0103 \u0219i mai mult. Ce a unit Dumnezeu, nimeni nu poate desp\u0103r\u021bi \u2013 nici omul, nici sistemul. S\u0103 fim \u00eempreun\u0103, s\u0103 ne sus\u021binem unii pe al\u021bii \u0219i s\u0103 mergem pe calea libert\u0103\u021bii.\u00a0<\/p>\n<p>ROB FINNERTY, jurnalist american<\/p>\n<p>\u00a0Vi se pare c\u0103 acesta este un extremist violent de dreapta? A\u0219a este caracterizat aici, \u00een Statele Unite. Georgescu scria pe Twitter atunci: \u201eAceasta este o lovitur\u0103 direct\u0103 \u00een inima democra\u021biei la nivel mondial. Mai am un singur mesaj: dac\u0103 democra\u021bia cade \u00een Rom\u00e2nia, va c\u0103dea \u00een toat\u0103 lumea. Acesta este doar \u00eenceputul.\u201d A postat asta pe 9 martie. Acum vreau s\u0103 vorbesc despre ce se \u00eent\u00e2mpl\u0103 \u00een restul Europei.<\/p>\n<p>Asta s-a \u00eent\u00e2mplat dup\u0103 ce <a href=\"https:\/\/www.realitatea.net\/stiri\/actual\/calin-georgescu-afla-daca-ramane-sau-nu-sub-control-judiciar_67f36ae72f561e092c4fe8d6\" target=\"_blank\">Georgescu a fost scos cu for\u021ba din ma\u0219in\u0103<\/a> \u0219i re\u021binut \u00een timp ce se \u00eendrepta s\u0103 \u00ee\u0219i depun\u0103 candidatura pentru alegerile reprogramate, alegeri pe care deja le c\u00e2\u0219tigase \u00een noiembrie. Privi\u021bi.<\/p>\n<p>V\u0103 aminte\u0219te de ceva? Mie \u00eemi aminte\u0219te de ce i-au f\u0103cut lui Donald Trump. A c\u00e2\u0219tigat alegerile, e acum la Casa Alb\u0103, din fericire. Dar dac\u0103 al\u021bii ar fi avut controlul, nu s-ar fi \u00eent\u00e2mplat asta \u2013 \u0219i \u0219tim exact despre cine vorbim. Aici, \u00een Statele Unite, propria noastr\u0103 pres\u0103 mincinoas\u0103 caracterizeaz\u0103 ce s-a \u00eent\u00e2mplat weekendul trecut \u00een Rom\u00e2nia. Associated Press scrie: \u201eHaos \u00een capitala Rom\u00e2niei dup\u0103 ce candidatul de extrem\u0103 dreapta C\u0103lin Georgescu a fost exclus din turul doi.\u201d CNN scrie: \u201eCandidatul de extrem\u0103 dreapta din Rom\u00e2nia, exclus din alegerile preziden\u021biale.\u201d The Guardian sus\u021bine: \u201eC\u0103lin Georgescu, pro-Rusia, interzis de la alegerile preziden\u021biale din Rom\u00e2nia.\u201d<\/p>\n<p>C\u0103lin Georgescu nu e de extrem\u0103 dreapta, mai mult dec\u00e2t sunt Kamala Harris \u0219i Joe Biden de extrem\u0103 st\u00e2nga. Doar conservatorii sunt eticheta\u021bi a\u0219a de pres\u0103. N-ai s\u0103 vezi niciodat\u0103 Reuters sau CNN spun\u00e2nd despre Elisabeth Warren sau Ilhan Omar c\u0103 sunt de extrem\u0103 st\u00e2nga, de\u0219i sunt. C\u0103lin Georgescu a fost doar un candidat conservator, cu mesaj Rom\u00e2nia pe primul loc, la fel ca mul\u021bi al\u021bii care au c\u00e2\u0219tigat alegeri \u00een Europa \u00een ultimul an. Dar pentru UE, victoria lui a fost prea mult, iar deznod\u0103m\u00e2ntul era previzibil: Georgescu a fost arestat, exact ca Donald Trump, iar acum i s-a interzis s\u0103 candideze la alegerile din 4 mai \u2013 o alegere pe care deja o c\u00e2\u0219tigase. Iar lucrurile se agraveaz\u0103.<\/p>\n<p>Piesele de domino \u00eencep s\u0103 cad\u0103 peste tot \u00een Europa \u2013 dar doar dac\u0103 e\u0219ti dispus s\u0103 vezi. Iar noi suntem dispu\u0219i s\u0103 vedem. Suntem dispu\u0219i pentru c\u0103 ceea ce i s-a \u00eent\u00e2mplat lui Donald Trump aici se \u00eent\u00e2mpl\u0103 acum \u00een toat\u0103 lumea. Nu mai e vorba doar de statul paralel, ci de o lume paralel\u0103 \u2013 asta se \u00eent\u00e2mpl\u0103. \u00cen Germania, liderii \u00eencearc\u0103 s\u0103 interzic\u0103 partidul conservator s\u0103 candideze la urm\u0103toarele alegeri preziden\u021biale, ceea ce a declan\u0219at proteste \u00een toat\u0103 \u021bara. Arunca\u021bi o privire!<\/p>\n<p>Diferen\u021ba mare e c\u0103 aceia nu sunt protestatari pl\u0103ti\u021bi, cum vedem la Tesla. Sunt oameni reali, sup\u0103ra\u021bi pe situa\u021bia politic\u0103 din \u021bara lor. Mergem acum \u00een Ungaria \u2013 o alt\u0103 \u021bar\u0103 NATO care ar putea pierde dreptul de vot \u00een Uniunea European\u0103 din cauza politicilor conservatoare ale premierului Viktor Orban. \u0218i \u00een Irlanda, Conor McGregor, sus\u021bin\u0103tor al lui Trump \u0219i prezent la \u00eenvestire, care vrea s\u0103 candideze la pre\u0219edin\u021bia Irlandei \u0219i probabil ar c\u00e2\u0219tiga, risc\u0103 s\u0103 petreac\u0103 urm\u0103torii 7 ani \u00een \u00eenchisoare pentru c\u0103 a scris tweeturi r\u0103ut\u0103cioase. At\u00e2t. Asta a f\u0103cut: tweeturi r\u0103ut\u0103cioase.<\/p>\n<p>\u0218i \u00een Fran\u021ba, chiar azi, la doar c\u00e2teva ore \u00een urm\u0103, Marine Le Pen ar putea ajunge la \u00eenchisoare. \u201eLidera de extrem\u0103 dreapta din Fran\u021ba, Marine Le Pen, a fost condamnat\u0103 la 4 ani de \u00eenchisoare \u0219i interzis\u0103 din func\u021bii publice pentru 5 ani de o instan\u021b\u0103 francez\u0103\u201d, scrie NBC News. Uniunea European\u0103 \u0219i NATO, desigur, minimalizeaz\u0103 totul. Nimic de v\u0103zut aici. Hai s\u0103 trimitem for\u021be de men\u021binere a p\u0103cii \u00een Ucraina \u2013 asta a\u021bi auzit azi de la BBC \u0219i Al Jazeera. Foarte pu\u021bin despre toate acestea. Dar lumea prive\u0219te, iar oamenii \u00eencep s\u0103 se trezeasc\u0103 \u00een fa\u021ba corup\u021biei sc\u0103pate de sub control. \u0218i s-au s\u0103turat.<\/p>\n<p>Rom\u00e2nia, Germania, Ungaria, Fran\u021ba, Irlanda \u2013 locuri unde democra\u021bia a contat c\u00e2ndva, dar nu mai conteaz\u0103. Cu siguran\u021b\u0103 nu \u00een Rom\u00e2nia, unde omul care a c\u00e2\u0219tigat efectiv alegerile preziden\u021biale nu are voie s\u0103 fie pre\u0219edinte. Noi am urm\u0103rit toate aceste pove\u0219ti cu aten\u021bie, sincer, pentru c\u0103 nimeni altcineva nu o face. Dar persecu\u021bia politic\u0103 nu mai este un fenomen specific Statelor Unite, iar ceea ce i s-a \u00eent\u00e2mplat lui Donald Trump aici se \u00eent\u00e2mpl\u0103 acum \u00een toat\u0103 lumea, nu doar \u00een Europa.<\/p>","protected":false},"excerpt":{"rendered":"<p>Jurnalist american: \u201eC\u0103lin Georgescu, arestat ca Donald Trump!\u201d ROB FINNERTY, jurnalist american Am vrut s\u0103&hellip;<\/p>\n","protected":false},"author":0,"featured_media":45698,"comment_status":"open","ping_status":"open","sticky":false,"template":"","format":"standard","meta":{"footnotes":""},"categories":[3],"tags":[],"class_list":["post-45697","post","type-post","status-publish","format-standard","has-post-thumbnail","hentry","category-politica"],"_links":{"self":[{"href":"https:\/\/247stiri.ro\/index.php\/wp-json\/wp\/v2\/posts\/45697","targetHints":{"allow":["GET"]}}],"collection":[{"href":"https:\/\/247stiri.ro\/index.php\/wp-json\/wp\/v2\/posts"}],"about":[{"href":"https:\/\/247stiri.ro\/index.php\/wp-json\/wp\/v2\/types\/post"}],"replies":[{"embeddable":true,"href":"https:\/\/247stiri.ro\/index.php\/wp-json\/wp\/v2\/comments?post=45697"}],"version-history":[{"count":0,"href":"https:\/\/247stiri.ro\/index.php\/wp-json\/wp\/v2\/posts\/45697\/revisions"}],"wp:featuredmedia":[{"embeddable":true,"href":"https:\/\/247stiri.ro\/index.php\/wp-json\/wp\/v2\/media\/45698"}],"wp:attachment":[{"href":"https:\/\/247stiri.ro\/index.php\/wp-json\/wp\/v2\/media?parent=45697"}],"wp:term":[{"taxonomy":"category","embeddable":true,"href":"https:\/\/247stiri.ro\/index.php\/wp-json\/wp\/v2\/categories?post=45697"},{"taxonomy":"post_tag","embeddable":true,"href":"https:\/\/247stiri.ro\/index.php\/wp-json\/wp\/v2\/tags?post=45697"}],"curies":[{"name":"wp","href":"https:\/\/api.w.org\/{rel}","templated":true}]}}