{"id":45711,"date":"2025-04-07T19:45:56","date_gmt":"2025-04-07T19:45:56","guid":{"rendered":"https:\/\/247stiri.ro\/index.php\/2025\/04\/07\/doliu-in-sportul-romanesc-un-fost-arbitru-si-presedinte-al-comisiei-judetene-de-arbitri-timis-s-a-stins-din-viata-la-65-de-ani\/"},"modified":"2025-04-07T19:45:56","modified_gmt":"2025-04-07T19:45:56","slug":"doliu-in-sportul-romanesc-un-fost-arbitru-si-presedinte-al-comisiei-judetene-de-arbitri-timis-s-a-stins-din-viata-la-65-de-ani","status":"publish","type":"post","link":"https:\/\/247stiri.ro\/index.php\/2025\/04\/07\/doliu-in-sportul-romanesc-un-fost-arbitru-si-presedinte-al-comisiei-judetene-de-arbitri-timis-s-a-stins-din-viata-la-65-de-ani\/","title":{"rendered":"Doliu \u00een sportul rom\u00e2nesc! Un fost arbitru \u0219i pre\u0219edinte al Comisiei Jude\u021bene de Arbitri Timi\u0219 s-a stins din via\u021b\u0103 la 65 de ani"},"content":{"rendered":"<p>&#8222;Cu profund regret \u0219i durere \u00een suflet, anun\u021b\u0103m trecerea \u00een nefiin\u021b\u0103 a domnului Ciev Zaharie, fost arbitru \u0219i pre\u0219edinte al Comisiei Jude\u021bene de Arbitri Timi\u0219 \u2013 un om de o aleas\u0103 omenie, iubit \u0219i respectat de \u00eentreaga suflare fotbalistic\u0103 din jude\u021b \u0219i nu numai. Plecarea lui las\u0103 un gol imens \u00een inimile tuturor celor care l-au cunoscut \u0219i apreciat. Dumnezeu s\u0103-l odihneasc\u0103 \u00een pace!&#8221;, a transmis, luni, Asocia\u021bia Jude\u021bean\u0103 de Fotbal Timi\u0219.<\/p>\n\n<p>Cei care vor s\u0103-i aduc\u0103 un ultim omagiu o pot face luni, 7 aprilie, de la ora 18.30 \u0219i mar\u021bi, 8 aprilie, pe tot parcursul zilei, la Capela Cimitirului din Dumbr\u0103vi\u021ba. \u00cenmorm\u00e2ntarea va avea loc miercuri, 9 aprilie, la ora 13.00 la Cimitirul Dumbr\u0103vi\u021ba.<\/p>\n<p>N\u0103scut \u00een 9 iulie 1960, \u00een localitatea Birsa, jude\u021bul Arad, Zaharie Ciev \u0219i-a dedicat o mare parte din via\u021b\u0103 fotbalului, form\u00e2nd genera\u021bii \u00eentregi de arbitri \u0219i contribuind cu profesionalism, pasiune \u0219i echilibru la dezvoltarea acestui fenomen \u00een jude\u021bul Timi\u0219.\u00a0<\/p>","protected":false},"excerpt":{"rendered":"<p>&#8222;Cu profund regret \u0219i durere \u00een suflet, anun\u021b\u0103m trecerea \u00een nefiin\u021b\u0103 a domnului Ciev Zaharie,&hellip;<\/p>\n","protected":false},"author":0,"featured_media":45712,"comment_status":"open","ping_status":"open","sticky":false,"template":"","format":"standard","meta":{"footnotes":""},"categories":[5],"tags":[],"class_list":["post-45711","post","type-post","status-publish","format-standard","has-post-thumbnail","hentry","category-sport"],"_links":{"self":[{"href":"https:\/\/247stiri.ro\/index.php\/wp-json\/wp\/v2\/posts\/45711","targetHints":{"allow":["GET"]}}],"collection":[{"href":"https:\/\/247stiri.ro\/index.php\/wp-json\/wp\/v2\/posts"}],"about":[{"href":"https:\/\/247stiri.ro\/index.php\/wp-json\/wp\/v2\/types\/post"}],"replies":[{"embeddable":true,"href":"https:\/\/247stiri.ro\/index.php\/wp-json\/wp\/v2\/comments?post=45711"}],"version-history":[{"count":0,"href":"https:\/\/247stiri.ro\/index.php\/wp-json\/wp\/v2\/posts\/45711\/revisions"}],"wp:featuredmedia":[{"embeddable":true,"href":"https:\/\/247stiri.ro\/index.php\/wp-json\/wp\/v2\/media\/45712"}],"wp:attachment":[{"href":"https:\/\/247stiri.ro\/index.php\/wp-json\/wp\/v2\/media?parent=45711"}],"wp:term":[{"taxonomy":"category","embeddable":true,"href":"https:\/\/247stiri.ro\/index.php\/wp-json\/wp\/v2\/categories?post=45711"},{"taxonomy":"post_tag","embeddable":true,"href":"https:\/\/247stiri.ro\/index.php\/wp-json\/wp\/v2\/tags?post=45711"}],"curies":[{"name":"wp","href":"https:\/\/api.w.org\/{rel}","templated":true}]}}