{"id":45720,"date":"2025-04-07T19:46:01","date_gmt":"2025-04-07T19:46:01","guid":{"rendered":"https:\/\/247stiri.ro\/index.php\/2025\/04\/07\/scene-revoltatoare-langa-un-loc-de-joaca-din-timisoara-un-barbat-care-facea-acte-de-exhibitionism-a-fost-internat-la-psihiatrie\/"},"modified":"2025-04-07T19:46:01","modified_gmt":"2025-04-07T19:46:01","slug":"scene-revoltatoare-langa-un-loc-de-joaca-din-timisoara-un-barbat-care-facea-acte-de-exhibitionism-a-fost-internat-la-psihiatrie","status":"publish","type":"post","link":"https:\/\/247stiri.ro\/index.php\/2025\/04\/07\/scene-revoltatoare-langa-un-loc-de-joaca-din-timisoara-un-barbat-care-facea-acte-de-exhibitionism-a-fost-internat-la-psihiatrie\/","title":{"rendered":"Scene revolt\u0103toare l\u00e2ng\u0103 un loc de joac\u0103 din Timi\u0219oara! Un b\u0103rbat care f\u0103cea acte de exhibi\u0163ionism a fost internat la Psihiatrie"},"content":{"rendered":"<p>\u201dLa data de 7 aprilie a.c., poli\u0163i\u015ftii municipiului Timi\u015foara au fost sesiza\u0163i de c\u0103tre Direc\u0163ia General\u0103 a Poli\u0163iei Locale Timi\u015foara cu privire la faptul c\u0103, \u00een jurul orei 13:30, poli\u0163i\u015ftii locali au depistat un b\u0103rbat \u00een v\u00e2rst\u0103 de 54 de ani, aflat \u00een proximitatea unui loc de joac\u0103 situat pe intrarea Plantelor din municipiu, care ar fi s\u0103v\u00e2r\u015fit acte de exhibi\u0163ionism \u015fi ar fi aruncat cu pietre \u00eenspre copiii afla\u0163i \u00een incinta parcului\u201d, a transmis, luni sear\u0103, IPJ Timi\u015f.\u00a0El a fost internat de poli\u0163i\u015ftii locali la Clinica de Psihiatrie \u201eEduard Pamfil\u201d din municipiul Timi\u015foara.\u00a0Potrivit sursei citate, \u00een urma sesiz\u0103rii, poli\u0163i\u015ftii Sec\u0163iei 3 Urbane Timi\u015foara au \u00eentocmit un dosar penal pentru ultraj contra bunelor moravuri, \u00een continuare efectu\u00e2nd cercet\u0103ri \u00een vederea tragerii la r\u0103spundere penal\u0103 a acestuia.<\/p>","protected":false},"excerpt":{"rendered":"<p>\u201dLa data de 7 aprilie a.c., poli\u0163i\u015ftii municipiului Timi\u015foara au fost sesiza\u0163i de c\u0103tre Direc\u0163ia&hellip;<\/p>\n","protected":false},"author":0,"featured_media":45721,"comment_status":"open","ping_status":"open","sticky":false,"template":"","format":"standard","meta":{"footnotes":""},"categories":[2],"tags":[],"class_list":["post-45720","post","type-post","status-publish","format-standard","has-post-thumbnail","hentry","category-actual"],"_links":{"self":[{"href":"https:\/\/247stiri.ro\/index.php\/wp-json\/wp\/v2\/posts\/45720","targetHints":{"allow":["GET"]}}],"collection":[{"href":"https:\/\/247stiri.ro\/index.php\/wp-json\/wp\/v2\/posts"}],"about":[{"href":"https:\/\/247stiri.ro\/index.php\/wp-json\/wp\/v2\/types\/post"}],"replies":[{"embeddable":true,"href":"https:\/\/247stiri.ro\/index.php\/wp-json\/wp\/v2\/comments?post=45720"}],"version-history":[{"count":0,"href":"https:\/\/247stiri.ro\/index.php\/wp-json\/wp\/v2\/posts\/45720\/revisions"}],"wp:featuredmedia":[{"embeddable":true,"href":"https:\/\/247stiri.ro\/index.php\/wp-json\/wp\/v2\/media\/45721"}],"wp:attachment":[{"href":"https:\/\/247stiri.ro\/index.php\/wp-json\/wp\/v2\/media?parent=45720"}],"wp:term":[{"taxonomy":"category","embeddable":true,"href":"https:\/\/247stiri.ro\/index.php\/wp-json\/wp\/v2\/categories?post=45720"},{"taxonomy":"post_tag","embeddable":true,"href":"https:\/\/247stiri.ro\/index.php\/wp-json\/wp\/v2\/tags?post=45720"}],"curies":[{"name":"wp","href":"https:\/\/api.w.org\/{rel}","templated":true}]}}