{"id":45729,"date":"2025-04-07T20:46:03","date_gmt":"2025-04-07T20:46:03","guid":{"rendered":"https:\/\/247stiri.ro\/index.php\/2025\/04\/07\/scandal-intr-o-maternitate-din-romania-o-femeie-programata-la-cezariana-nu-a-mai-nascut-si-acuza-ca-a-stat-24-de-ore-nemancata-in-spital\/"},"modified":"2025-04-07T20:46:03","modified_gmt":"2025-04-07T20:46:03","slug":"scandal-intr-o-maternitate-din-romania-o-femeie-programata-la-cezariana-nu-a-mai-nascut-si-acuza-ca-a-stat-24-de-ore-nemancata-in-spital","status":"publish","type":"post","link":"https:\/\/247stiri.ro\/index.php\/2025\/04\/07\/scandal-intr-o-maternitate-din-romania-o-femeie-programata-la-cezariana-nu-a-mai-nascut-si-acuza-ca-a-stat-24-de-ore-nemancata-in-spital\/","title":{"rendered":"Scandal \u00eentr-o maternitate din Rom\u00e2nia! O femeie programat\u0103 la cezarian\u0103 nu a mai n\u0103scut \u0219i acuz\u0103 c\u0103 a stat 24 de ore nem\u00e2ncat\u0103 \u00een spital"},"content":{"rendered":"<p>Femeia a fost \u00een cele din urm\u0103 nevoit\u0103 s\u0103 nasc\u0103 natural, de\u0219i fusese informat\u0103 c\u0103 va fi operat\u0103. Reprezentan\u021bii spitalului neag\u0103 toate acuza\u021biile \u0219i sus\u021bin c\u0103 <a href=\"https:\/\/www.realitatea.net\/stiri\/actual\/cristela-georgescu-a-nascut-ambii-copii-prin-cezariana-ce-a-spus-calin-georgescu-despre-rolul-femeii_67478c8bde517d0a15735404\" target=\"_blank\">procedurile medicale<\/a> au fost respectate.<\/p>\n<p>Ce s-a \u00eent\u00e2mplat?<\/p>\n<p>Iuliana Macovei, \u00een v\u00e2rst\u0103 de 22 de ani, a fost internat\u0103 pe 19 martie pentru na\u0219tere. Ea sus\u021bine c\u0103, de\u0219i i s-a comunicat c\u0103 urmeaz\u0103 s\u0103 nasc\u0103 prin cezarian\u0103, interven\u021bia a fost am\u00e2nat\u0103 f\u0103r\u0103 motiv clar. Mai mult, spune c\u0103 nu a primit m\u00e2ncare timp de o zi \u00eentreag\u0103, din cauza preg\u0103tirii preoperatorii, iar \u00eentreaga perioad\u0103 a fost marcat\u0103 de incertitudine \u0219i lips\u0103 de comunicare din partea medicului.<\/p>\n<p>\u201eAm stat peste 24 de ore nem\u00e2ncat\u0103, f\u0103r\u0103 s\u0103 fiu informat\u0103 dac\u0103 se mai face sau nu opera\u021bia. M-am sim\u021bit abandonat\u0103, f\u0103r\u0103 sprijin sau empatie din partea personalului\u201d, a declarat Iuliana, vizibil afectat\u0103 de experien\u021b\u0103, arat\u0103 \u0219tirileprotv.ro.<\/p>\n<p>So\u021bul tinerei afirm\u0103 c\u0103, de\u0219i a \u00eencercat s\u0103 discute cu medicul, nu a primit niciun r\u0103spuns clar. \u201eSo\u021bia mea m-a sunat pl\u00e2ng\u00e2nd, disperat\u0103, cer\u00e2nd s\u0103 o iau acas\u0103. Se temea pentru via\u021ba copilului \u0219i pentru a ei. Nu \u0219tia nimic din ce urmeaz\u0103 s\u0103 i se \u00eent\u00e2mple\u201d, a relatat Iulian Macovei, conform sursei citat\u0103 mai sus.<\/p>\n<p>Spitalul respinge acuza\u021biile<\/p>\n<p>Reprezentan\u021bii maternit\u0103\u021bii sus\u021bin c\u0103 situa\u021bia este interpretat\u0103 gre\u0219it \u0219i c\u0103 decizia medical\u0103 a fost luat\u0103 \u00een func\u021bie de starea pacientei. Potrivit purt\u0103torului de cuv\u00e2nt al spitalului, pacienta ar fi fost \u00eencurajat\u0103 s\u0103 nasc\u0103 natural, \u00een conformitate cu dorin\u021ba exprimat\u0103 anterior.<\/p>\n<p>\u201eFemeia a n\u0103scut natural o feti\u021b\u0103 s\u0103n\u0103toas\u0103, iar la externare a mul\u021bumit personalului pentru modul \u00een care a fost tratat\u0103. Din p\u0103cate, so\u021bul a fost agresiv verbal \u0219i a lansat acuza\u021bii nejustificate\u201d, a declarat Anca Bivoleanu, reprezentant al unit\u0103\u021bii medicale.<\/p>\n<p>Dup\u0103 externare, familia a depus pl\u00e2ngeri la Ministerul S\u0103n\u0103t\u0103\u021bii, Colegiul Medicilor \u0219i Direc\u021bia de S\u0103n\u0103tate Public\u0103. Printre acuza\u021bii se num\u0103r\u0103 \u0219i condi\u021biile precare din salonul \u00een care pacienta a fost internat\u0103 \u2013 mai exact, prezen\u021ba mucegaiului pe pere\u021bi.<\/p>\n<p>Spitalul sus\u021bine c\u0103 a derulat deja<a href=\"https:\/\/www.realitatea.net\/stiri\/actual\/medic-ginecolog-cercetat-sub-control-judiciar-dupa-ce-ar-fi-primit-mita-pentru-o-cezariana_670e575654cfe63ddc6c00cb\" target=\"_blank\"> o anchet\u0103 intern\u0103<\/a>, \u00een urma c\u0103reia s-a stabilit c\u0103 personalul medical a ac\u021bionat corect, iar medicul obstetrician nu va fi sanc\u021bionat. Conducerea ia \u00een calcul chiar \u0219i posibilitatea de a ac\u021biona \u00een instan\u021b\u0103 familia, pentru def\u0103imare.<\/p>\n<p>\u00cen prezent, cazul este analizat de autorit\u0103\u021bile sanitare din Ia\u0219i, care verific\u0103 at\u00e2t pl\u00e2ngerile legate de conduita personalului, c\u00e2t \u0219i cele referitoare la igiena din spital.\u00a0<\/p>","protected":false},"excerpt":{"rendered":"<p>Femeia a fost \u00een cele din urm\u0103 nevoit\u0103 s\u0103 nasc\u0103 natural, de\u0219i fusese informat\u0103 c\u0103&hellip;<\/p>\n","protected":false},"author":0,"featured_media":45730,"comment_status":"open","ping_status":"open","sticky":false,"template":"","format":"standard","meta":{"footnotes":""},"categories":[2],"tags":[],"class_list":["post-45729","post","type-post","status-publish","format-standard","has-post-thumbnail","hentry","category-actual"],"_links":{"self":[{"href":"https:\/\/247stiri.ro\/index.php\/wp-json\/wp\/v2\/posts\/45729","targetHints":{"allow":["GET"]}}],"collection":[{"href":"https:\/\/247stiri.ro\/index.php\/wp-json\/wp\/v2\/posts"}],"about":[{"href":"https:\/\/247stiri.ro\/index.php\/wp-json\/wp\/v2\/types\/post"}],"replies":[{"embeddable":true,"href":"https:\/\/247stiri.ro\/index.php\/wp-json\/wp\/v2\/comments?post=45729"}],"version-history":[{"count":0,"href":"https:\/\/247stiri.ro\/index.php\/wp-json\/wp\/v2\/posts\/45729\/revisions"}],"wp:featuredmedia":[{"embeddable":true,"href":"https:\/\/247stiri.ro\/index.php\/wp-json\/wp\/v2\/media\/45730"}],"wp:attachment":[{"href":"https:\/\/247stiri.ro\/index.php\/wp-json\/wp\/v2\/media?parent=45729"}],"wp:term":[{"taxonomy":"category","embeddable":true,"href":"https:\/\/247stiri.ro\/index.php\/wp-json\/wp\/v2\/categories?post=45729"},{"taxonomy":"post_tag","embeddable":true,"href":"https:\/\/247stiri.ro\/index.php\/wp-json\/wp\/v2\/tags?post=45729"}],"curies":[{"name":"wp","href":"https:\/\/api.w.org\/{rel}","templated":true}]}}