{"id":45733,"date":"2025-04-07T20:46:05","date_gmt":"2025-04-07T20:46:05","guid":{"rendered":"https:\/\/247stiri.ro\/index.php\/2025\/04\/07\/adolescentul-din-bihor-filmat-in-timp-ce-bate-un-copil-intr-un-parc-din-judet-plasat-in-arest-la-domiciliu-scenele-violente-filmate-si-postate-online\/"},"modified":"2025-04-07T20:46:05","modified_gmt":"2025-04-07T20:46:05","slug":"adolescentul-din-bihor-filmat-in-timp-ce-bate-un-copil-intr-un-parc-din-judet-plasat-in-arest-la-domiciliu-scenele-violente-filmate-si-postate-online","status":"publish","type":"post","link":"https:\/\/247stiri.ro\/index.php\/2025\/04\/07\/adolescentul-din-bihor-filmat-in-timp-ce-bate-un-copil-intr-un-parc-din-judet-plasat-in-arest-la-domiciliu-scenele-violente-filmate-si-postate-online\/","title":{"rendered":"Adolescentul din Bihor filmat \u00een timp ce bate un copil \u00eentr-un parc din jude\u021b, plasat \u00een arest la domiciliu. Scenele violente filmate \u0219i postate online"},"content":{"rendered":"<p>\u201dRespinge propunerea de arestare preventiv\u0103 formulat\u0103 de Parchetul de pe l\u00e2ng\u0103 Judec\u0103toria Beiu\u015f \u00een dosarul de urm\u0103rire penal\u0103 nr. 279\/126\/P\/2025 a inculpatului B.F.A, f\u0103r\u0103 antecedente penale, pentru s\u0103v\u00e2r\u015firea infrac\u0163iunii de lovire sau alte violen\u0163e. (&#8230;) Dispune luarea fa\u0163\u0103 de inculpatul BF.A. a m\u0103surii arestului la domiciliu pe o perioad\u0103 de 30 zile, de la data de 07.04.2025 p\u00e2n\u0103 la data de 06.05.2025, inclusiv\u201d, este solu\u0163ia pronun\u0163at\u0103, luni sear\u0103, de Judec\u0103toria Beiu\u015f.\u00a0\u00a0Prin aceea\u015fi decizie, adolescentul are interdic\u0163ia de a comunica cu cel de-al doilea adolescent suspect \u00een dosarul de agresiune, dar \u015fi cu copilul lovit \u015fi cu familia acestuia.\u00a0\u00a0\u00cen caz de \u00eenc\u0103lcare cu rea-credin\u0163\u0103 a m\u0103surilor sau obliga\u0163iilor care \u00eei revin, m\u0103sura arestului la domiciliu poate fi \u00eenlocuit\u0103 cu m\u0103sura arest\u0103rii preventive \u00een cazul adolescentului agresiv. \u00cen fa\u0163a instan\u0163ei de judecat\u0103, t\u00e2n\u0103rul a cerut s\u0103 fie plasat sub controlul judiciar.\u00a0\u00a0Decizia Judec\u0103toriei Beiu\u015f poate fi contestat\u0103 \u00een termen de 48 de ore de la pronun\u0163are.\u00a0\u00a0Poli\u0163i\u015ftii din cadrul Poli\u0163iei ora\u015fului \u015etei continu\u0103 cercet\u0103rile \u00een cauz\u0103, sub supravegherea procurorului de caz, pentru stabilirea tuturor \u00eemprejur\u0103rilor comiterii faptei \u015fi pentru documentarea \u00eentregii eventuale activit\u0103\u0163i infrac\u0163ionale.\u00a0Imaginile extrem de violente au fost filmate \u00een data de 25 martie, \u00een jurul orei 16.30, pe o strad\u0103 din localitatea \u015etei, jude\u0163ul Bihor. \u00cen imagini se vede cum t\u00e2n\u0103rul de 17 ani bate crunt copilul de 9 ani.<\/p>\n<p>\u00a0\u00cen filmul postat pe internet care are aproape zece minute se vede cum un adolescent \u00een \u0163ine la p\u0103m\u00e2nt, cu piciorul, pe un b\u0103ie\u0163el de opt-nou\u0103 ani \u015fi \u00eel love\u015fte \u00een cap, \u00een timp ce al\u0163ii \u00eel \u00eencurajeaz\u0103 s\u0103-l loveasc\u0103: \u201eD\u0103-i, m\u0103, arde-l oleac\u0103!\u201d.\u00a0\u00a0\u00a0Poli\u0163ia Bihor a deschis dosar penal.<\/p>\n<p>\u201eLa data de 4 aprilie a.c., \u00een urma vizion\u0103rii imaginilor surprinse \u00een \u00eenregistrarea video, poli\u0163i\u015ftii Poli\u0163iei ora\u015fului \u015etei din cadrul Inspectoratului de Poli\u0163ie Jude\u0163ean Bihor s-au sesizat din oficiu \u015fi au \u00eentocmit dosar penal \u00een cauz\u0103, sub aspectul comiterii infrac\u0163iunii de lovirea sau alte violen\u0163e. Cercet\u0103rile continu\u0103 sub supravegherea unui procuror din cadrul Parchetului de pe l\u00e2ng\u0103 Judec\u0103toria Beiu\u015f, pentru stabilirea cu exactitate a cauzei \u015fi \u00eemprejur\u0103rilor \u00een care s-a produs fapta, urm\u00e2nd ca, \u00een func\u0163ie de rezultat, s\u0103 fie dispuse m\u0103suri legale \u00een consecin\u0163\u0103\u201d, au transmis oficialii Inspectoratului Jude\u0163ean Bihor.<\/p>\n<p>Agresorul, un t\u00e2n\u0103r de 17 ani a fost re\u0163inut, ini\u0163ial, iar un adolescent de 15 ani este cercetat pentru c\u0103 ar fi \u00eendemnat la s\u0103v\u00e2r\u015firea agresiunii.<\/p>","protected":false},"excerpt":{"rendered":"<p>\u201dRespinge propunerea de arestare preventiv\u0103 formulat\u0103 de Parchetul de pe l\u00e2ng\u0103 Judec\u0103toria Beiu\u015f \u00een dosarul&hellip;<\/p>\n","protected":false},"author":0,"featured_media":45734,"comment_status":"open","ping_status":"open","sticky":false,"template":"","format":"standard","meta":{"footnotes":""},"categories":[2],"tags":[],"class_list":["post-45733","post","type-post","status-publish","format-standard","has-post-thumbnail","hentry","category-actual"],"_links":{"self":[{"href":"https:\/\/247stiri.ro\/index.php\/wp-json\/wp\/v2\/posts\/45733","targetHints":{"allow":["GET"]}}],"collection":[{"href":"https:\/\/247stiri.ro\/index.php\/wp-json\/wp\/v2\/posts"}],"about":[{"href":"https:\/\/247stiri.ro\/index.php\/wp-json\/wp\/v2\/types\/post"}],"replies":[{"embeddable":true,"href":"https:\/\/247stiri.ro\/index.php\/wp-json\/wp\/v2\/comments?post=45733"}],"version-history":[{"count":0,"href":"https:\/\/247stiri.ro\/index.php\/wp-json\/wp\/v2\/posts\/45733\/revisions"}],"wp:featuredmedia":[{"embeddable":true,"href":"https:\/\/247stiri.ro\/index.php\/wp-json\/wp\/v2\/media\/45734"}],"wp:attachment":[{"href":"https:\/\/247stiri.ro\/index.php\/wp-json\/wp\/v2\/media?parent=45733"}],"wp:term":[{"taxonomy":"category","embeddable":true,"href":"https:\/\/247stiri.ro\/index.php\/wp-json\/wp\/v2\/categories?post=45733"},{"taxonomy":"post_tag","embeddable":true,"href":"https:\/\/247stiri.ro\/index.php\/wp-json\/wp\/v2\/tags?post=45733"}],"curies":[{"name":"wp","href":"https:\/\/api.w.org\/{rel}","templated":true}]}}