{"id":45751,"date":"2025-04-08T04:46:38","date_gmt":"2025-04-08T04:46:38","guid":{"rendered":"https:\/\/247stiri.ro\/index.php\/2025\/04\/08\/atentie-mai-multi-indivizi-instiga-la-proteste-violente-pe-tiktok-anca-alexandrescu-hartuita-de-falsi-suveranisti-georgescu-nu-sustine-manifestatiile-din-aprilie\/"},"modified":"2025-04-08T04:46:38","modified_gmt":"2025-04-08T04:46:38","slug":"atentie-mai-multi-indivizi-instiga-la-proteste-violente-pe-tiktok-anca-alexandrescu-hartuita-de-falsi-suveranisti-georgescu-nu-sustine-manifestatiile-din-aprilie","status":"publish","type":"post","link":"https:\/\/247stiri.ro\/index.php\/2025\/04\/08\/atentie-mai-multi-indivizi-instiga-la-proteste-violente-pe-tiktok-anca-alexandrescu-hartuita-de-falsi-suveranisti-georgescu-nu-sustine-manifestatiile-din-aprilie\/","title":{"rendered":"ATEN\u021aIE! Mai mul\u021bi indivizi instig\u0103 la proteste violente pe TikTok. Anca Alexandrescu, h\u0103r\u021buit\u0103 de fal\u0219i suverani\u0219ti: Georgescu NU sus\u021bine manifesta\u021biile din aprilie"},"content":{"rendered":"<p>&#8222;Am vorbit cu echipa domnului Georgescu care mi-a confirmat \u00eenc\u0103 o dat\u0103 c\u0103 aceste ac\u021biuni nu sunt agreate de domnul Georgescu, nu sunt sus\u021binute de domnul Georgescu, n-are nicio leg\u0103tur\u0103 cu mine. \u0218i eu nu promovez impostori.<\/p>\n<p>Documenta\u021bi-v\u0103. \u00cent\u00e2i vede\u021bi cine a f\u0103cut acele ac\u021biuni ca s\u0103 vede\u021bi cine sunt personajele, s\u0103 \u00een\u021belege\u021bi c\u0103 sunt ni\u0219te impostori&#8221;, a declarat Anca Alexandrescu.\u00a0<\/p>\n<p>Mai multe mesaje de pe internet instig\u0103 la proteste violente \u00een numele lui C\u0103lin Georgescu. Manifesta\u021bia ar urma s\u0103 aib\u0103 loc pe 17 aprilie. Anca Alexandrescu dezminte toat\u0103 manipularea \u0219i sus\u021bine c\u0103 scopul apelului la protest este doar pentru a destabiliza mi\u0219carea suveranist\u0103. Din acest motiv a devenit \u021binta unor ac\u021biuni de h\u0103r\u021buire, iar un individ i-a f\u0103cut public num\u0103rul de telefon chiar \u00een timpul emisiunii.<\/p>\n<p>&#8222;Se dore\u0219te s\u0103 fie bulversa\u021bi oamenii, s\u0103 fie dezinforma\u021bi, dezbina\u021bi, a\u0219a cum se \u00eent\u00e2mpl\u0103 \u0219i cu aceste ac\u021biuni f\u0103cute \u00een numele domnului Georgescu. Domnul Georgescu, neav\u00e2nd nicio leg\u0103tur\u0103, a spus foarte clar mesajul adat de o sut\u0103 de ori. Din acest motiv, unii oameni sunt foarte sup\u0103ra\u021bi c\u0103 al\u021bii nu sus\u021bin aceste demersuri.<\/p>\n<p>\u00cen\u021belege\u021bi, oameni buni, eu, cel pu\u021bin eu, nu pot s\u0103 promovez nimic altceva dec\u00e2t ceea ce discut cu echipa domnului Georgescu \u0219i crede\u021bi-m\u0103 c\u0103 vorbesc \u00een fiecare zi. Restul este problema dumneavoastr\u0103 s\u0103 v\u0103 convinge\u021bi cum nu pot s\u0103 fiu de acord nici cu \u00eendemnul, am v\u0103zut pe afi\u0219ul din 17 aprilie, \u00eendemnul la violen\u021b\u0103. Intr\u0103m peste voi, nu pot s\u0103 fiu de acord pentru voi cu a\u0219a ceva.<\/p>\n<p>\u00cen aceast\u0103 zon\u0103 sunt foarte mul\u021bi oameni infiltra\u021bi cu misiunea de a crea astfel de ac\u021biuni, a\u0219a cum probabil \u0219i \u00eempotriva domnului Pe\u0219chir c\u0103 au f\u0103cut aceast\u0103 ac\u021biune, chipurile \u00een favoarea lui, dar este de fapt \u00eempotriva lui&#8221;, a mai spus moderatoarea emisiunii &#8222;Culisele Statului Paralel&#8221; de la Realitatea PLUS.\u00a0<\/p>\n<p>&#8222;Cineva a facut public numarul meu de telefon pe TikTok si acum primesc apeluri si text: &lt;&lt;Pe 17 apr 2025, mega protest Piata Constitutiei&gt;&gt;. Deci numarul meu a fost facut pub de Daniel Alexandru. Se va intalni cu mine la politie pentru acest lucru. Ne vom vedea la poli\u021bie cu cei care au f\u0103cut acest lucru pentru c\u0103 asta este o ac\u021biune de h\u0103r\u021buire pe care o practic aceste persoane&#8221;, a mai spus jurnalista.\u00a0<\/p>\n<p>Cel care a f\u0103cut public num\u0103rul de telefon al Anc\u0103i Alexandrescu este un individ mascat care instig\u0103 la proteste prin intermediul TikTok. \u00cen mai multe r\u00e2nduri s-a dat drept fiul Anc\u0103i Alexandrescu.<\/p>\n<p>Indivizii au \u00eencercat s\u0103 \u00eei \u00eendemne pe oameni s\u0103 taie o parte din emisiunea Anc\u0103i Alexandrescu astfel \u00eenc\u00e2t s\u0103 par\u0103 c\u0103 jurnalista ar fi de acord cu instig\u0103rile la protest.<\/p>\n<p>&#8222;\u0218ti\u021bi ce v-a\u0219 ruga s\u0103 intra\u021bi \u0219i voi s\u0103 lua\u021bi doar chestia aia c\u00e2nd zice Anca Alexandrescu de data de 17 \u0219i s\u0103 o promova\u021bi \u0219i voi pe TikTOk&#8221;, este mesajul transmis de acestia.<\/p>\n<p>Realitatea PLUS nu sus\u021bine nicio manifesta\u021bie violent\u0103 \u0219i \u00eendeamn\u0103, ca \u0219i p\u00e2n\u0103 acum, la pace.\u00a0<\/p>","protected":false},"excerpt":{"rendered":"<p>&#8222;Am vorbit cu echipa domnului Georgescu care mi-a confirmat \u00eenc\u0103 o dat\u0103 c\u0103 aceste ac\u021biuni&hellip;<\/p>\n","protected":false},"author":0,"featured_media":45752,"comment_status":"open","ping_status":"open","sticky":false,"template":"","format":"standard","meta":{"footnotes":""},"categories":[3],"tags":[],"class_list":["post-45751","post","type-post","status-publish","format-standard","has-post-thumbnail","hentry","category-politica"],"_links":{"self":[{"href":"https:\/\/247stiri.ro\/index.php\/wp-json\/wp\/v2\/posts\/45751","targetHints":{"allow":["GET"]}}],"collection":[{"href":"https:\/\/247stiri.ro\/index.php\/wp-json\/wp\/v2\/posts"}],"about":[{"href":"https:\/\/247stiri.ro\/index.php\/wp-json\/wp\/v2\/types\/post"}],"replies":[{"embeddable":true,"href":"https:\/\/247stiri.ro\/index.php\/wp-json\/wp\/v2\/comments?post=45751"}],"version-history":[{"count":0,"href":"https:\/\/247stiri.ro\/index.php\/wp-json\/wp\/v2\/posts\/45751\/revisions"}],"wp:featuredmedia":[{"embeddable":true,"href":"https:\/\/247stiri.ro\/index.php\/wp-json\/wp\/v2\/media\/45752"}],"wp:attachment":[{"href":"https:\/\/247stiri.ro\/index.php\/wp-json\/wp\/v2\/media?parent=45751"}],"wp:term":[{"taxonomy":"category","embeddable":true,"href":"https:\/\/247stiri.ro\/index.php\/wp-json\/wp\/v2\/categories?post=45751"},{"taxonomy":"post_tag","embeddable":true,"href":"https:\/\/247stiri.ro\/index.php\/wp-json\/wp\/v2\/tags?post=45751"}],"curies":[{"name":"wp","href":"https:\/\/api.w.org\/{rel}","templated":true}]}}