{"id":45768,"date":"2025-04-08T05:46:19","date_gmt":"2025-04-08T05:46:19","guid":{"rendered":"https:\/\/247stiri.ro\/index.php\/2025\/04\/08\/cine-e-impostorul-care-se-da-drept-fiul-ancai-alexandrescu-jurnalista-realitatea-plus-va-depune-plangere-la-politie-pentru-hartuire\/"},"modified":"2025-04-08T05:46:19","modified_gmt":"2025-04-08T05:46:19","slug":"cine-e-impostorul-care-se-da-drept-fiul-ancai-alexandrescu-jurnalista-realitatea-plus-va-depune-plangere-la-politie-pentru-hartuire","status":"publish","type":"post","link":"https:\/\/247stiri.ro\/index.php\/2025\/04\/08\/cine-e-impostorul-care-se-da-drept-fiul-ancai-alexandrescu-jurnalista-realitatea-plus-va-depune-plangere-la-politie-pentru-hartuire\/","title":{"rendered":"Cine e impostorul care se d\u0103 drept fiul Anc\u0103i Alexandrescu. Jurnalista Realitatea PLUS va depune pl\u00e2ngere la poli\u021bie pentru h\u0103r\u021buire"},"content":{"rendered":"<p>&#8222;Cineva a facut public numarul meu de telefon pe TikTok si acum primesc apeluri si text: &lt;&lt;Pe 17 apr 2025, mega protest Piata Constitutiei&gt;&gt;. Deci numarul meu a fost facut pub de Daniel Alexandru. Se va intalni cu mine la politie pentru acest lucru. Ne vom vedea la poli\u021bie cu cei care au f\u0103cut acest lucru pentru c\u0103 asta este o ac\u021biune de h\u0103r\u021buire pe care o practic aceste persoane&#8221;, a mai spus jurnalista.\u00a0<\/p>\n<p>Cel care a f\u0103cut public num\u0103rul de telefon al Anc\u0103i Alexandrescu este un individ mascat care instig\u0103 la proteste prin intermediul TikTok. \u00cen mai multe r\u00e2nduri s-a dat drept fiul Anc\u0103i Alexandrescu.<\/p>\n<p>&#8222;B\u0103i s\u0103 mor io, nu m\u0103 a\u0219teptam s\u0103 ai num\u0103rul ei, jur pe via\u021ba mea&#8230; cineva din redac\u021bie de internet&#8221;, spunea acesta \u00eentr-un videoclip postat pe internet.\u00a0<\/p>\n<p>Indivizii au \u00eencercat s\u0103 \u00eei \u00eendemne pe oameni s\u0103 taie o parte din emisiunea Anc\u0103i Alexandrescu astfel \u00eenc\u00e2t s\u0103 par\u0103 c\u0103 jurnalista ar fi de acord cu instig\u0103rile la protest. Realizatorul emisiunii Culisele Statului Paralel va depune pl\u00e2ngere la Poli\u021bie pentru h\u0103r\u021buire dup\u0103 ce num\u0103rul personal al acesteia a fost f\u0103cut public de impostori.<\/p>\n<p>&#8222;\u0218ti\u021bi ce v-a\u0219 ruga s\u0103 intra\u021bi \u0219i voi s\u0103 lua\u021bi doar chestia aia c\u00e2nd zice Anca Alexandrescu de data de 17 \u0219i s\u0103 o promova\u021bi \u0219i voi pe TikTOk&#8221;.\u00a0<\/p>\n<p>&#8222;Alexandrescu face pl\u00e2ngere. Las-o s\u0103 fac\u0103 pl\u00e2ngere, care e problema voastr\u0103 c\u0103 face pl\u00e2ngere? V\u0103 face vou\u0103? P\u0103i ce? E pentru prima dat\u0103 c\u00e2nd \u00eemi face sau care e problema voastr\u0103? Na, Aline! Ai vrut s\u0103 se aud\u0103 protestul de pe 17? S-a auzit&#8221;, a spus acesta.\u00a0\u00a0<\/p>","protected":false},"excerpt":{"rendered":"<p>&#8222;Cineva a facut public numarul meu de telefon pe TikTok si acum primesc apeluri si&hellip;<\/p>\n","protected":false},"author":0,"featured_media":45769,"comment_status":"open","ping_status":"open","sticky":false,"template":"","format":"standard","meta":{"footnotes":""},"categories":[3],"tags":[],"class_list":["post-45768","post","type-post","status-publish","format-standard","has-post-thumbnail","hentry","category-politica"],"_links":{"self":[{"href":"https:\/\/247stiri.ro\/index.php\/wp-json\/wp\/v2\/posts\/45768","targetHints":{"allow":["GET"]}}],"collection":[{"href":"https:\/\/247stiri.ro\/index.php\/wp-json\/wp\/v2\/posts"}],"about":[{"href":"https:\/\/247stiri.ro\/index.php\/wp-json\/wp\/v2\/types\/post"}],"replies":[{"embeddable":true,"href":"https:\/\/247stiri.ro\/index.php\/wp-json\/wp\/v2\/comments?post=45768"}],"version-history":[{"count":0,"href":"https:\/\/247stiri.ro\/index.php\/wp-json\/wp\/v2\/posts\/45768\/revisions"}],"wp:featuredmedia":[{"embeddable":true,"href":"https:\/\/247stiri.ro\/index.php\/wp-json\/wp\/v2\/media\/45769"}],"wp:attachment":[{"href":"https:\/\/247stiri.ro\/index.php\/wp-json\/wp\/v2\/media?parent=45768"}],"wp:term":[{"taxonomy":"category","embeddable":true,"href":"https:\/\/247stiri.ro\/index.php\/wp-json\/wp\/v2\/categories?post=45768"},{"taxonomy":"post_tag","embeddable":true,"href":"https:\/\/247stiri.ro\/index.php\/wp-json\/wp\/v2\/tags?post=45768"}],"curies":[{"name":"wp","href":"https:\/\/api.w.org\/{rel}","templated":true}]}}