{"id":45772,"date":"2025-04-08T05:46:21","date_gmt":"2025-04-08T05:46:21","guid":{"rendered":"https:\/\/247stiri.ro\/index.php\/2025\/04\/08\/incendiu-intr-un-apartament-dintr-un-bloc-din-ramnicu-valcea-16-persoane-printre-care-si-un-copil-au-fost-evacuate\/"},"modified":"2025-04-08T05:46:21","modified_gmt":"2025-04-08T05:46:21","slug":"incendiu-intr-un-apartament-dintr-un-bloc-din-ramnicu-valcea-16-persoane-printre-care-si-un-copil-au-fost-evacuate","status":"publish","type":"post","link":"https:\/\/247stiri.ro\/index.php\/2025\/04\/08\/incendiu-intr-un-apartament-dintr-un-bloc-din-ramnicu-valcea-16-persoane-printre-care-si-un-copil-au-fost-evacuate\/","title":{"rendered":"Incendiu \u00eentr-un apartament dintr-un bloc din R\u00e2mnicu V\u00e2lcea: 16 persoane, printre care \u0219i un copil, au fost evacuate"},"content":{"rendered":"<p>Incendiul a cuprins o cantitate mare de de\u0219euri depozitate \u00een apartamentul afectat, la locul interven\u021biei fiind trimise for\u021be din cadrul Deta\u0219amentului de Pompieri din R\u00e2mnicu V\u00e2lcea, cu dou\u0103 autospeciale de stingere, o autospecial\u0103 de interven\u021bie \u0219i salvare de la \u00een\u0103l\u021bime, o autospecial\u0103 de descarcerare, precum \u0219i o ambulan\u021b\u0103 SMURD, au transmis reprezentan\u021bii Inspectoratului pentru Situa\u021bii de Urgen\u021b\u0103 (ISU) V\u00e2lcea.<\/p>\n<p>&#8221;La sosirea echipajelor operative, ardeau mocnit de\u0219euri \u0219i resturi menajere depozitate \u00een apartamentul situat la etajul III, cu degaj\u0103ri mari de fum. \u00cen apartament nu se aflau persoane. Pentru siguran\u021ba lor, au fost evacuate 16 persoane (15 adul\u021bi \u0219i un minor) din \u0219ase apartamente. O persoan\u0103 cu atac de panic\u0103 a fost evaluat\u0103 de SMURD, dar a refuzat transportul la spital&#8221;, a precizat purt\u0103torul de cuv\u00e2nt la ISU V\u00e2lcea, Sorin Albinaru.<\/p>\n<p>Incendiul a fost declarat lichidat \u00een jurul orei 4:00, dup\u0103 aproximativ o or\u0103 \u0219i jum\u0103tate de la anun\u021barea lui, accesul pompierilor \u00een apartament fiind \u00eengreunat de de\u0219eurile depozitate \u00een interior \u0219i care ajungeau p\u00e2n\u0103 la tavanul locuin\u021bei.<\/p>\n<p>P\u00e2n\u0103 la stingerea focului au ars mobilierul din dou\u0103 camere, aparatura electrocasnic\u0103, t\u00e2mplaria de la u\u0219i \u0219i ferestre din lemn, precum \u0219i aproximativ 500 de kilograme de de\u0219euri din material textil.\u00a0<\/p>","protected":false},"excerpt":{"rendered":"<p>Incendiul a cuprins o cantitate mare de de\u0219euri depozitate \u00een apartamentul afectat, la locul interven\u021biei&hellip;<\/p>\n","protected":false},"author":0,"featured_media":45773,"comment_status":"open","ping_status":"open","sticky":false,"template":"","format":"standard","meta":{"footnotes":""},"categories":[2],"tags":[],"class_list":["post-45772","post","type-post","status-publish","format-standard","has-post-thumbnail","hentry","category-actual"],"_links":{"self":[{"href":"https:\/\/247stiri.ro\/index.php\/wp-json\/wp\/v2\/posts\/45772","targetHints":{"allow":["GET"]}}],"collection":[{"href":"https:\/\/247stiri.ro\/index.php\/wp-json\/wp\/v2\/posts"}],"about":[{"href":"https:\/\/247stiri.ro\/index.php\/wp-json\/wp\/v2\/types\/post"}],"replies":[{"embeddable":true,"href":"https:\/\/247stiri.ro\/index.php\/wp-json\/wp\/v2\/comments?post=45772"}],"version-history":[{"count":0,"href":"https:\/\/247stiri.ro\/index.php\/wp-json\/wp\/v2\/posts\/45772\/revisions"}],"wp:featuredmedia":[{"embeddable":true,"href":"https:\/\/247stiri.ro\/index.php\/wp-json\/wp\/v2\/media\/45773"}],"wp:attachment":[{"href":"https:\/\/247stiri.ro\/index.php\/wp-json\/wp\/v2\/media?parent=45772"}],"wp:term":[{"taxonomy":"category","embeddable":true,"href":"https:\/\/247stiri.ro\/index.php\/wp-json\/wp\/v2\/categories?post=45772"},{"taxonomy":"post_tag","embeddable":true,"href":"https:\/\/247stiri.ro\/index.php\/wp-json\/wp\/v2\/tags?post=45772"}],"curies":[{"name":"wp","href":"https:\/\/api.w.org\/{rel}","templated":true}]}}