{"id":45776,"date":"2025-04-08T05:46:22","date_gmt":"2025-04-08T05:46:22","guid":{"rendered":"https:\/\/247stiri.ro\/index.php\/2025\/04\/08\/rasturnare-de-situatie-in-cazul-dublei-crime-de-la-constanta-sacalul-a-recunoscut-ca-le-a-omorat-pe-femei-pentru-a-scapa-cu-o-pedeapsa-mai-blanda\/"},"modified":"2025-04-08T05:46:22","modified_gmt":"2025-04-08T05:46:22","slug":"rasturnare-de-situatie-in-cazul-dublei-crime-de-la-constanta-sacalul-a-recunoscut-ca-le-a-omorat-pe-femei-pentru-a-scapa-cu-o-pedeapsa-mai-blanda","status":"publish","type":"post","link":"https:\/\/247stiri.ro\/index.php\/2025\/04\/08\/rasturnare-de-situatie-in-cazul-dublei-crime-de-la-constanta-sacalul-a-recunoscut-ca-le-a-omorat-pe-femei-pentru-a-scapa-cu-o-pedeapsa-mai-blanda\/","title":{"rendered":"R\u0103sturnare de situa\u021bie \u00een cazul dublei crime de la Constan\u021ba. &#8222;\u0218acalul&#8221; a recunoscut c\u0103 le-a omor\u00e2t pe femei pentru a sc\u0103pa cu o pedeaps\u0103 mai bl\u00e2nd\u0103"},"content":{"rendered":"<p>Individul le-a spus judec\u0103torilor c\u0103 nu a vrut s\u0103 le omoare pe cele dou\u0103 tinere, dar s-ar fi certat din cauza banilor \u0219i le-a lovit cu pumnul. Neculai Mitrea, supranumit \u201e\u0218acalul\u201d, sus\u021bine c\u0103 a aflat despre moartea primei femei abia dup\u0103 dou\u0103 luni, c\u00e2nd a fost s\u0103ltat de masca\u021bi.De altfel, \u201e\u0218acalul\u201d \u0219i-ar fi recunoscut crimele doar pentru a ob\u021bine o pedeaps\u0103 mai bl\u00e2nd\u0103, spun avoca\u021bii victimelor.Neculai Mitrea \u0219i-a cunoscut victimele pe un site pentru adul\u021bi. Dup\u0103 ce au \u00eentre\u021binut rela\u021bii intime, individul le-a ucis \u0219i le-a abandonat cadavrele.<\/p>\n<p><a href=\"https:\/\/www.realitatea.net\/stiri\/justitie\/declaratii-soc-la-primul-termen-in-dosarul-crimelor-care-au-ingrozit-constanta-cine-a-recunoscut-faptele-in-procesul-cu-sacalul_67ef90dfc5e09a7ffa1e61b9\" target=\"_blank\">Declara\u021bii \u0218OC la primul termen \u00een dosarul crimelor care au \u00eengrozit Constan\u021ba. CINE a recunoscut faptele \u00een procesul cu \u0218acalul?<\/a><\/p>\n<p>Prima victim\u0103, Delia, a fost g\u0103sit\u0103 f\u0103r\u0103 suflare de so\u021bul ei \u00een propria locuin\u021b\u0103 din Constan\u021ba. B\u0103rbatul a sunat imediat la 112, \u00eens\u0103 poli\u021bi\u0219tii l-au prins pe criminal abia c\u00e2nd acesta a ucis-o pe Denisa, o t\u00e2n\u0103r\u0103 de 28 de ani din Timi\u0219oara care a l\u0103sat singur pe lume un b\u0103ie\u021bel de doar 5 ani.Trupul ne\u00eensufle\u021bit al Denisei a fost g\u0103sit pe un c\u00e2mp, acolo unde a fost aruncat de uciga\u0219. Totodat\u0103, dup\u0103 crim\u0103, individul i-a furat ma\u0219ina tinerei \u0219i a f\u0103cut accident. De altfel, impactul surprins de camerele de supraveghere i-a f\u0103cut pe anchetatori s\u0103 \u00eel g\u0103seasc\u0103 pe criminal.<\/p>\n<p><a href=\"https:\/\/www.realitatea.net\/stiri\/actual\/detalii-tulburatoare-ies-la-iveala-in-cazul-crimelor-din-constanta-cine-erau-denisa-si-delia_66e08f2e537fbf126972dac9\" target=\"_blank\">Detalii tulbur\u0103toare ies la iveal\u0103 \u00een cazul crimelor din Constan\u021ba. Cine erau Denisa \u0219i Delia, cele dou\u0103 femei ucise de \u201e\u0218acal\u201d<\/a><\/p>\n<p>\u00cempreun\u0103 cu \u201e\u0218acalul\u201d sunt judeca\u021bi partenera uciga\u0219ului \u0219i fiul acesteia, \u00een v\u00e2rst\u0103 de 15, \u00een calitate de complici, dup\u0103 ce l-ar fi ajutat pe b\u0103rbat s\u0103 scape de cadavrul ultimei victime.Urm\u0103torul termen de judecat\u0103 \u00een cazul crimelor de la malul m\u0103rii va avea loc pe 30 mai.\u00a0<\/p>","protected":false},"excerpt":{"rendered":"<p>Individul le-a spus judec\u0103torilor c\u0103 nu a vrut s\u0103 le omoare pe cele dou\u0103 tinere,&hellip;<\/p>\n","protected":false},"author":0,"featured_media":45777,"comment_status":"open","ping_status":"open","sticky":false,"template":"","format":"standard","meta":{"footnotes":""},"categories":[2],"tags":[],"class_list":["post-45776","post","type-post","status-publish","format-standard","has-post-thumbnail","hentry","category-actual"],"_links":{"self":[{"href":"https:\/\/247stiri.ro\/index.php\/wp-json\/wp\/v2\/posts\/45776","targetHints":{"allow":["GET"]}}],"collection":[{"href":"https:\/\/247stiri.ro\/index.php\/wp-json\/wp\/v2\/posts"}],"about":[{"href":"https:\/\/247stiri.ro\/index.php\/wp-json\/wp\/v2\/types\/post"}],"replies":[{"embeddable":true,"href":"https:\/\/247stiri.ro\/index.php\/wp-json\/wp\/v2\/comments?post=45776"}],"version-history":[{"count":0,"href":"https:\/\/247stiri.ro\/index.php\/wp-json\/wp\/v2\/posts\/45776\/revisions"}],"wp:featuredmedia":[{"embeddable":true,"href":"https:\/\/247stiri.ro\/index.php\/wp-json\/wp\/v2\/media\/45777"}],"wp:attachment":[{"href":"https:\/\/247stiri.ro\/index.php\/wp-json\/wp\/v2\/media?parent=45776"}],"wp:term":[{"taxonomy":"category","embeddable":true,"href":"https:\/\/247stiri.ro\/index.php\/wp-json\/wp\/v2\/categories?post=45776"},{"taxonomy":"post_tag","embeddable":true,"href":"https:\/\/247stiri.ro\/index.php\/wp-json\/wp\/v2\/tags?post=45776"}],"curies":[{"name":"wp","href":"https:\/\/api.w.org\/{rel}","templated":true}]}}