{"id":45782,"date":"2025-04-08T06:44:52","date_gmt":"2025-04-08T06:44:52","guid":{"rendered":"https:\/\/247stiri.ro\/index.php\/2025\/04\/08\/alin-chirila-fostul-campion-mma-care-a-rapit-si-batut-un-barbat-timp-de-o-ora-condamnat-la-inchisoare\/"},"modified":"2025-04-08T06:44:52","modified_gmt":"2025-04-08T06:44:52","slug":"alin-chirila-fostul-campion-mma-care-a-rapit-si-batut-un-barbat-timp-de-o-ora-condamnat-la-inchisoare","status":"publish","type":"post","link":"https:\/\/247stiri.ro\/index.php\/2025\/04\/08\/alin-chirila-fostul-campion-mma-care-a-rapit-si-batut-un-barbat-timp-de-o-ora-condamnat-la-inchisoare\/","title":{"rendered":"Alin Chiril\u0103, fostul campion MMA care a r\u0103pit \u0219i b\u0103tut un b\u0103rbat timp de o or\u0103, condamnat la \u00eenchisoare"},"content":{"rendered":"<p>Curtea de Apel Gala\u0163i a desfiin\u021bat sentin\u021ba Judec\u0103toriei T\u00e2rgu Bujor \u0219i l-a trimis pe fostul sportiv dup\u0103 gratii pe 5 ani \u0219i 4 luni \u0219i i-a interzis mai multe drepturi pe toat\u0103 durata execut\u0103rii pedepsei cu \u00eenchisoarea, potrivit ProLiderFM.<\/p>\n<p>Acesta a fost g\u0103sit vinovat de loviri \u0219i alte violen\u021be amenin\u021bare, violare de domiciliu \u0219i lipsire de libertate \u00een mod ilegal, dup\u0103 ce, \u00een decembrie 2023, a r\u0103pit un b\u0103rbat din jude\u021bul Gala\u021bi.\u00a0<\/p>\n<p>Pe 22 decembrie 2023, Alin Chiril\u0103 \u0219i fratele s\u0103u au dat buzna curtea unui localnic din comuna g\u0103l\u0103\u021bean\u0103 Cavadine\u0219ti \u0219i l-au atacat cu brutalitate. Dup\u0103 ce l-au lovit cu pumnii \u0219i picioarele, l-au for\u021bat s\u0103 urce \u00een ma\u0219ina cu care veniser\u0103 \u0219i timp de o or\u0103 au continuat s\u0103 \u00eel bat\u0103, iar apoi l-au amenin\u021bat cu moartea ca s\u0103 nu spun\u0103 nimic la Poli\u021bie. \u00a0<\/p>\n<p>\u201eCei doi ar fi p\u0103truns, f\u0103r\u0103 drept, \u00een curtea imobilului b\u0103rbatului vizat, iar c\u00e2nd acesta ar fi ie\u0219it din cas\u0103, cel de 35 de ani l-ar fi agresat fizic, dup\u0103 care l-ar fi condus la autoturismul cu care s-au deplasat la aceast\u0103 adres\u0103 \u0219i l-ar fi for\u021bat s\u0103 se a\u0219eze pe bancheta din spate, \u00eempotriva voin\u021bei celui agresat\u201d, a transmis IPJ Gala\u021bi.<\/p>\n<p>Camerele de supraveghere din Cavadine\u0219ti au surprins momentul \u00een care b\u0103rbatul b\u0103tut este dat jos din ma\u0219in\u0103 \u0219i obligat s\u0103 se spele de s\u00e2nge. \u201eNesatisf\u0103cut de modalitatea \u00een care s-a sp\u0103lat, lupt\u0103torul l-a mai trimis \u00eenc\u0103 o dat\u0103 la acel loc s\u0103 se spele\u201d, spune procurorul Nicolae Cuzi.\u00a0<\/p>\n<p>Anchetatorii au stabilit c\u0103 lupt\u0103torul MMA \u0219i fratele s\u0103u \u0219i-au urm\u0103rit victima ore \u00een \u0219ir, iar c\u00e2nd au considerat c\u0103 este momentul oportun, au intrat \u00een curtea casei acestuia \u0219i l-au atacat. De amintit este c\u0103 victima, un b\u0103rbat de 36 de ani, a fost b\u0103tut zeci de minute \u00een ma\u0219ina \u00een care fusese obligat s\u0103 urce de r\u0103pitorii s\u0103i.<\/p>\n<p>Ini\u021bial, \u00een ianuarie 2025, cu o clemen\u021b\u0103 revolt\u0103toare, Judec\u0103toria T\u00e2rgu Bujor \u00eel condamnase pe Alin Chiril\u0103 la doar 10 luni \u0219i 20 de zile de \u00eenchisoare cu suspendare, 405 zile amend\u0103 cu suspendare \u0219i interzicerea unor drepturi, pedeaps\u0103 accesorie suspendat\u0103 \u0219i ea, toate pe o perioad\u0103 de supraveghere de 3 ani.<\/p>\n<p>Fra\u021bii Chiril\u0103 au stat \u00een Arestul IPJ Gala\u021bi timp de 2 luni, p\u00e2n\u0103 \u00een februarie 2024, \u0219i o lun\u0103 \u00een arest la domiciliu, p\u00e2n\u0103 \u00een martie 2024. Cei doi vor fi \u00eencarcera\u021bi \u00een penitenciar pentru executarea pedepselor. \u00a0\u00a0<\/p>","protected":false},"excerpt":{"rendered":"<p>Curtea de Apel Gala\u0163i a desfiin\u021bat sentin\u021ba Judec\u0103toriei T\u00e2rgu Bujor \u0219i l-a trimis pe fostul&hellip;<\/p>\n","protected":false},"author":0,"featured_media":45783,"comment_status":"open","ping_status":"open","sticky":false,"template":"","format":"standard","meta":{"footnotes":""},"categories":[5],"tags":[],"class_list":["post-45782","post","type-post","status-publish","format-standard","has-post-thumbnail","hentry","category-sport"],"_links":{"self":[{"href":"https:\/\/247stiri.ro\/index.php\/wp-json\/wp\/v2\/posts\/45782","targetHints":{"allow":["GET"]}}],"collection":[{"href":"https:\/\/247stiri.ro\/index.php\/wp-json\/wp\/v2\/posts"}],"about":[{"href":"https:\/\/247stiri.ro\/index.php\/wp-json\/wp\/v2\/types\/post"}],"replies":[{"embeddable":true,"href":"https:\/\/247stiri.ro\/index.php\/wp-json\/wp\/v2\/comments?post=45782"}],"version-history":[{"count":0,"href":"https:\/\/247stiri.ro\/index.php\/wp-json\/wp\/v2\/posts\/45782\/revisions"}],"wp:featuredmedia":[{"embeddable":true,"href":"https:\/\/247stiri.ro\/index.php\/wp-json\/wp\/v2\/media\/45783"}],"wp:attachment":[{"href":"https:\/\/247stiri.ro\/index.php\/wp-json\/wp\/v2\/media?parent=45782"}],"wp:term":[{"taxonomy":"category","embeddable":true,"href":"https:\/\/247stiri.ro\/index.php\/wp-json\/wp\/v2\/categories?post=45782"},{"taxonomy":"post_tag","embeddable":true,"href":"https:\/\/247stiri.ro\/index.php\/wp-json\/wp\/v2\/tags?post=45782"}],"curies":[{"name":"wp","href":"https:\/\/api.w.org\/{rel}","templated":true}]}}