{"id":45784,"date":"2025-04-08T06:44:54","date_gmt":"2025-04-08T06:44:54","guid":{"rendered":"https:\/\/247stiri.ro\/index.php\/2025\/04\/08\/dosarul-gala-bute-elena-udrea-cere-instantei-sa-i-scada-5-luni-din-condamnare-perioada-executata-in-costa-rica-si-bulgaria\/"},"modified":"2025-04-08T06:44:54","modified_gmt":"2025-04-08T06:44:54","slug":"dosarul-gala-bute-elena-udrea-cere-instantei-sa-i-scada-5-luni-din-condamnare-perioada-executata-in-costa-rica-si-bulgaria","status":"publish","type":"post","link":"https:\/\/247stiri.ro\/index.php\/2025\/04\/08\/dosarul-gala-bute-elena-udrea-cere-instantei-sa-i-scada-5-luni-din-condamnare-perioada-executata-in-costa-rica-si-bulgaria\/","title":{"rendered":"Dosarul Gala Bute. Elena Udrea cere instan\u021bei s\u0103-i scad\u0103 5 luni din condamnare, perioad\u0103 executat\u0103 \u00een Costa Rica \u0219i Bulgaria"},"content":{"rendered":"<p>&#8222;Nu este vorba despre o sc\u0103dere de pedeaps\u0103, ci de a ad\u0103uga la perioada executat\u0103 la Penitenciarul T\u00e2rg\u0219or a perioadei \u00een care aceea\u0219i pedeaps\u0103 a fost executat\u0103 \u00eentr-un penitenciar din Costa Rica, dar \u0219i \u00eentr-un centru de re\u021binere din Bulgaria. Aproximativ 5 luni sunt \u00een total.\u00a0Asta ar \u00eensemna c\u0103, dac\u0103 se adaug\u0103 \u0219i aceast\u0103 perioad\u0103, ne apropiem foarte mult de momentul \u00een care doamna Udrea poate s\u0103 formuleze cerere de liberare condi\u021bionat\u0103 pentru c\u0103 \u00eendepline\u0219te frac\u021bia prev\u0103zut\u0103 de lege cerut\u0103 \u00een aceast\u0103 situa\u021bie&#8221;, a explicat, \u00eentr-o interven\u021bie la Realitatea PLUS, avocatul s\u0103u, Veronel R\u0103dulescu.\u00a0<\/p>\n<p>Dac\u0103 se aprob\u0103 cererea, \u00een luna mai se poate introduce o asemenea cerere, mai spune avocatul.<\/p>\n<p>&#8222;Nu s-a mai formulat p\u00e2n\u0103 acum nicio cerere de liberare condi\u021bionat\u0103 pentru c\u0103 nu erau \u00eendeplinite condi\u021biile cerute de lege. Este de notorietate faptul c\u0103 dumeaei a executat o perioad\u0103 \u00een Costa Rica \u0219i o perioad\u0103 \u00een Bulgaria. Este o cheste doar de drum al h\u00e2rtiei pentru a se face comunic\u0103rile respective \u0219i instan\u021ba s\u0103 dispun\u0103 ad\u0103ugarea la calcului perioadei executate a acestei perioade. Cererea de ast\u0103zi cred c\u0103 va fi acceptat\u0103, ar fi absurd s\u0103 fie respins\u0103&#8221;, a mai spus Veronel R\u0103dulescu.<\/p>","protected":false},"excerpt":{"rendered":"<p>&#8222;Nu este vorba despre o sc\u0103dere de pedeaps\u0103, ci de a ad\u0103uga la perioada executat\u0103&hellip;<\/p>\n","protected":false},"author":0,"featured_media":45785,"comment_status":"open","ping_status":"open","sticky":false,"template":"","format":"standard","meta":{"footnotes":""},"categories":[3],"tags":[],"class_list":["post-45784","post","type-post","status-publish","format-standard","has-post-thumbnail","hentry","category-politica"],"_links":{"self":[{"href":"https:\/\/247stiri.ro\/index.php\/wp-json\/wp\/v2\/posts\/45784","targetHints":{"allow":["GET"]}}],"collection":[{"href":"https:\/\/247stiri.ro\/index.php\/wp-json\/wp\/v2\/posts"}],"about":[{"href":"https:\/\/247stiri.ro\/index.php\/wp-json\/wp\/v2\/types\/post"}],"replies":[{"embeddable":true,"href":"https:\/\/247stiri.ro\/index.php\/wp-json\/wp\/v2\/comments?post=45784"}],"version-history":[{"count":0,"href":"https:\/\/247stiri.ro\/index.php\/wp-json\/wp\/v2\/posts\/45784\/revisions"}],"wp:featuredmedia":[{"embeddable":true,"href":"https:\/\/247stiri.ro\/index.php\/wp-json\/wp\/v2\/media\/45785"}],"wp:attachment":[{"href":"https:\/\/247stiri.ro\/index.php\/wp-json\/wp\/v2\/media?parent=45784"}],"wp:term":[{"taxonomy":"category","embeddable":true,"href":"https:\/\/247stiri.ro\/index.php\/wp-json\/wp\/v2\/categories?post=45784"},{"taxonomy":"post_tag","embeddable":true,"href":"https:\/\/247stiri.ro\/index.php\/wp-json\/wp\/v2\/tags?post=45784"}],"curies":[{"name":"wp","href":"https:\/\/api.w.org\/{rel}","templated":true}]}}