{"id":45786,"date":"2025-04-08T06:44:55","date_gmt":"2025-04-08T06:44:55","guid":{"rendered":"https:\/\/247stiri.ro\/index.php\/2025\/04\/08\/vreme-anormala-dupa-caldura-din-ultimele-zile-se-anunta-schimbari-foarte-rapide-de-temperaturi-in-intervale-scurte-avertismentul-anm\/"},"modified":"2025-04-08T06:44:55","modified_gmt":"2025-04-08T06:44:55","slug":"vreme-anormala-dupa-caldura-din-ultimele-zile-se-anunta-schimbari-foarte-rapide-de-temperaturi-in-intervale-scurte-avertismentul-anm","status":"publish","type":"post","link":"https:\/\/247stiri.ro\/index.php\/2025\/04\/08\/vreme-anormala-dupa-caldura-din-ultimele-zile-se-anunta-schimbari-foarte-rapide-de-temperaturi-in-intervale-scurte-avertismentul-anm\/","title":{"rendered":"Vreme anormal\u0103, dup\u0103 c\u0103ldura din ultimele zile: se anun\u021b\u0103 schimb\u0103ri foarte rapide de temperaturi \u00een intervale scurte. Avertismentul ANM"},"content":{"rendered":"<p>\u201e\u00centr-adev\u0103r suntem \u00eentr-o perioada cu vreme deosebit de rece, temperaturi care au trecut p\u00e2n\u0103 la -11 grade \u00een partea de est a Transilvaniei, dar sunt -5 \u00een multe zone ale \u021b\u0103rii. S-a format brum\u0103 \u00een partea de sud \u0219i de vest a teritoriului.<\/p>\n<p>R\u0103m\u00e2nem cu temperaturi comparabile \u0219i \u00een nop\u021bile viitoare, chiar dac\u0103 pentru zonele depresionare va fi o u\u0219oar\u0103 cre\u0219tere \u00een condi\u021biile unui cer mai noros \u0219i tot \u00een condi\u021biile unui cer mai noros nop\u021bile viitoare vor aduce mai pu\u021bin\u0103 brum\u0103.<\/p>\n<p>Fenomenele de iarn\u0103 vor continua ast\u0103zi \u0219i m\u00e2ine a\u0219tept\u0103m ninsori slabe \u00een jum\u0103tatea de nord a teritoriului, iar ziua de joi va fi una din nou cu vreme sever\u0103 \u00een regiunile estice, pentru c\u0103 v\u00e2ntul se va intensifica \u0219i se va asocia \u00een special \u00een zonele deluroase, montane, dar \u0219i \u00een jum\u0103tatea nordic\u0103 a Moldovei cu ninsoarea, astfel \u00eenc\u00e2t temporar va fi viscol. Sigur c\u0103 vom vedea mai detaliat aproape de ziua de joi cat de extins\u0103 va fi aria fenomenelor pe teren.<\/p>\n<p>A\u0219tept\u0103m s\u0103 ne \u00eenc\u0103lzim la finalul s\u0103pt\u0103m\u00e2nii \u0219i \u00eenc\u0103 bine, este foarte posibil ca ziua de Florii s\u0103 ne aduc\u0103 din nou temperaturi de peste 18 sau chiar 20 de grade, iar s\u0103pt\u0103m\u00e2na viitoare cel pu\u021bin prima parte a s\u0103pt\u0103m\u00e2nii se anun\u021b\u0103 cu temperaturi foarte ridicate, valori care ar putea ajunge \u0219i spre 25 de grade. Schimb\u0103ri foarte rapide \u00een intervale foarte scurte \u00een aceast\u0103 lun\u0103 aprilie.\u201d, a declarat la Realitatea PLUS directorul executiv ANM, Florinela Georgescu.<\/p>","protected":false},"excerpt":{"rendered":"<p>\u201e\u00centr-adev\u0103r suntem \u00eentr-o perioada cu vreme deosebit de rece, temperaturi care au trecut p\u00e2n\u0103 la&hellip;<\/p>\n","protected":false},"author":0,"featured_media":45787,"comment_status":"open","ping_status":"open","sticky":false,"template":"","format":"standard","meta":{"footnotes":""},"categories":[2],"tags":[],"class_list":["post-45786","post","type-post","status-publish","format-standard","has-post-thumbnail","hentry","category-actual"],"_links":{"self":[{"href":"https:\/\/247stiri.ro\/index.php\/wp-json\/wp\/v2\/posts\/45786","targetHints":{"allow":["GET"]}}],"collection":[{"href":"https:\/\/247stiri.ro\/index.php\/wp-json\/wp\/v2\/posts"}],"about":[{"href":"https:\/\/247stiri.ro\/index.php\/wp-json\/wp\/v2\/types\/post"}],"replies":[{"embeddable":true,"href":"https:\/\/247stiri.ro\/index.php\/wp-json\/wp\/v2\/comments?post=45786"}],"version-history":[{"count":0,"href":"https:\/\/247stiri.ro\/index.php\/wp-json\/wp\/v2\/posts\/45786\/revisions"}],"wp:featuredmedia":[{"embeddable":true,"href":"https:\/\/247stiri.ro\/index.php\/wp-json\/wp\/v2\/media\/45787"}],"wp:attachment":[{"href":"https:\/\/247stiri.ro\/index.php\/wp-json\/wp\/v2\/media?parent=45786"}],"wp:term":[{"taxonomy":"category","embeddable":true,"href":"https:\/\/247stiri.ro\/index.php\/wp-json\/wp\/v2\/categories?post=45786"},{"taxonomy":"post_tag","embeddable":true,"href":"https:\/\/247stiri.ro\/index.php\/wp-json\/wp\/v2\/tags?post=45786"}],"curies":[{"name":"wp","href":"https:\/\/api.w.org\/{rel}","templated":true}]}}