{"id":45789,"date":"2025-04-08T06:44:56","date_gmt":"2025-04-08T06:44:56","guid":{"rendered":"https:\/\/247stiri.ro\/index.php\/2025\/04\/08\/audieri-si-noi-perchezitii-informatii-in-cazul-lui-bogdan-peschir-avocatul-influencerului-este-vorba-despre-acelasi-dosar\/"},"modified":"2025-04-08T06:44:56","modified_gmt":"2025-04-08T06:44:56","slug":"audieri-si-noi-perchezitii-informatii-in-cazul-lui-bogdan-peschir-avocatul-influencerului-este-vorba-despre-acelasi-dosar","status":"publish","type":"post","link":"https:\/\/247stiri.ro\/index.php\/2025\/04\/08\/audieri-si-noi-perchezitii-informatii-in-cazul-lui-bogdan-peschir-avocatul-influencerului-este-vorba-despre-acelasi-dosar\/","title":{"rendered":"Audieri \u0219i noi perchezi\u021bii informa\u021bii \u00een cazul lui Bogdan Pe\u0219chir. Avocatul influencerului: Este vorba despre acela\u0219i dosar"},"content":{"rendered":"<p>Avocat: Nu \u0219tim pentru ce ne-au chemat. Ni s-a comunicat oficial c\u0103 ar fi vorba despre o audiere. Vom vedea, discut\u0103m mai multe dup\u0103 ce ie\u0219im.<\/p>\n<p>Reporter: \u0218tim m\u0103car dac\u0103 este vorba despre acela\u0219i dosar\u00a0<\/p>\n<p>Avocat: Categoric acela\u0219i dosar. Acela\u0219i dosar, vom vedea despre ce este vorba.\u00a0<\/p>\n<p>Reporter: Ce v-au spus cu exactitate?<\/p>\n<p>Avocat: Mi-au spus doar c\u0103 urmeaz\u0103 s\u0103 fac\u0103 o audiere \u0219i perchezi\u021bie informatic\u0103. Vom vedea dup\u0103 ce se termin\u0103.<\/p>\n<p>Reporer: Perchezi\u021bii informatice pe acelea\u0219i dispozitive care au fost deja verificate?<\/p>\n<p>Avocat: Nu \u0219tiu dac\u0103 pe acelea\u0219i. Mi s-ar p\u0103rea aiurea s\u0103 fie acelea\u0219i. Probabil sunt unele luate la ultima perchezi\u021bie.\u00a0<\/p>\n<p>Reporeter: \u0218tim c\u0103 au loc perchezi\u021bii deja de o bun\u0103 bucat\u0103 de vreme.<\/p>\n<p>Avocat: Da, dar s-au ridicat \u00eenc\u0103 o serie de dispozitive la ultima perchezi\u021bie, \u00een urm\u0103 cu 3 s\u0103pt\u0103m\u00e2ni.\u00a0<\/p>","protected":false},"excerpt":{"rendered":"<p>Avocat: Nu \u0219tim pentru ce ne-au chemat. Ni s-a comunicat oficial c\u0103 ar fi vorba&hellip;<\/p>\n","protected":false},"author":0,"featured_media":45790,"comment_status":"open","ping_status":"open","sticky":false,"template":"","format":"standard","meta":{"footnotes":""},"categories":[2],"tags":[],"class_list":["post-45789","post","type-post","status-publish","format-standard","has-post-thumbnail","hentry","category-actual"],"_links":{"self":[{"href":"https:\/\/247stiri.ro\/index.php\/wp-json\/wp\/v2\/posts\/45789","targetHints":{"allow":["GET"]}}],"collection":[{"href":"https:\/\/247stiri.ro\/index.php\/wp-json\/wp\/v2\/posts"}],"about":[{"href":"https:\/\/247stiri.ro\/index.php\/wp-json\/wp\/v2\/types\/post"}],"replies":[{"embeddable":true,"href":"https:\/\/247stiri.ro\/index.php\/wp-json\/wp\/v2\/comments?post=45789"}],"version-history":[{"count":0,"href":"https:\/\/247stiri.ro\/index.php\/wp-json\/wp\/v2\/posts\/45789\/revisions"}],"wp:featuredmedia":[{"embeddable":true,"href":"https:\/\/247stiri.ro\/index.php\/wp-json\/wp\/v2\/media\/45790"}],"wp:attachment":[{"href":"https:\/\/247stiri.ro\/index.php\/wp-json\/wp\/v2\/media?parent=45789"}],"wp:term":[{"taxonomy":"category","embeddable":true,"href":"https:\/\/247stiri.ro\/index.php\/wp-json\/wp\/v2\/categories?post=45789"},{"taxonomy":"post_tag","embeddable":true,"href":"https:\/\/247stiri.ro\/index.php\/wp-json\/wp\/v2\/tags?post=45789"}],"curies":[{"name":"wp","href":"https:\/\/api.w.org\/{rel}","templated":true}]}}