{"id":45791,"date":"2025-04-08T06:44:57","date_gmt":"2025-04-08T06:44:57","guid":{"rendered":"https:\/\/247stiri.ro\/index.php\/2025\/04\/08\/pensionarii-lasati-cu-ochii-in-soare-inainte-de-paste-ajutoarele-pentru-alimente-nu-ajung-la-oameni-in-aceasta-luna-motivul-este-halucinant\/"},"modified":"2025-04-08T06:44:57","modified_gmt":"2025-04-08T06:44:57","slug":"pensionarii-lasati-cu-ochii-in-soare-inainte-de-paste-ajutoarele-pentru-alimente-nu-ajung-la-oameni-in-aceasta-luna-motivul-este-halucinant","status":"publish","type":"post","link":"https:\/\/247stiri.ro\/index.php\/2025\/04\/08\/pensionarii-lasati-cu-ochii-in-soare-inainte-de-paste-ajutoarele-pentru-alimente-nu-ajung-la-oameni-in-aceasta-luna-motivul-este-halucinant\/","title":{"rendered":"Pensionarii, l\u0103sa\u021bi cu ochii \u00een soare \u00eenainte de Pa\u0219te! Ajutoarele pentru alimente NU ajung la oameni \u00een aceast\u0103 lun\u0103: motivul este halucinant"},"content":{"rendered":"<p>Cardurile de alimente, pe care pensionarii cu pensii sub 2.200 de lei ar fi trebuit s\u0103 primeasc\u0103 sprijinul de 125 de lei, nu vor fi alimentate \u00een aprilie. Potrivit informa\u021biilor ob\u021binute de Newsweek, prima \u00eenc\u0103rcare a cardurilor ar putea avea loc abia \u00een var\u0103, cel mai devreme \u00een iunie sau iulie. P\u00e2n\u0103 atunci, pensionarii trebuie s\u0103 se descurce doar cu ajutorul de 400 de lei acordat lunar celor cu pensii sub 2.574 de lei \u2013 sum\u0103 livrat\u0103 \u00eempreun\u0103 cu pensia lunar\u0103, fie prin po\u0219ta\u0219, fie pe card.<\/p>\n<p>Problemele nu vizeaz\u0103 doar cardurile de alimente. \u0218i cardurile pentru rechizite, destinate elevilor, sau cele de maternitate pentru femeile care urmau s\u0103 primeasc\u0103 2.000 de lei, \u0219i care se pare c\u0103 nu au fost, de asemenea, alimentate. Sursele politice pun aceast\u0103 situa\u021bie pe seama unor blocaje administrative \u0219i a lipsei unei surse clare de finan\u021bare \u00een bugetul actual.<\/p>\n<p>Problemele nu se opresc \u00eens\u0103 aici. Chiar dac\u0103 ministrul Energiei, Sebastian Burduja, a dat asigur\u0103ri c\u0103 un mecanism de protec\u021bie pentru plata facturilor va fi implementat p\u00e2n\u0103 la 15 iunie, nu exist\u0103 \u00eenc\u0103 o decizie oficial\u0103 privind sumele sau calendarul exact.<\/p>\n<p>Astfel, primele aloc\u0103ri de bani pentru sprijinirea facturilor la energie ar putea veni abia \u00een lunile octombrie-noiembrie, iar suma discutat\u0103 variaz\u0103 \u00eentre 500 \u0219i 700 de lei. P\u00e2n\u0103 atunci, plafonarea pre\u021bului la energie va fi ridicat\u0103 la 1 iulie, ceea ce \u00eenseamn\u0103 cheltuieli mai mari pentru consumatorii vulnerabili.<\/p>","protected":false},"excerpt":{"rendered":"<p>Cardurile de alimente, pe care pensionarii cu pensii sub 2.200 de lei ar fi trebuit&hellip;<\/p>\n","protected":false},"author":0,"featured_media":45792,"comment_status":"open","ping_status":"open","sticky":false,"template":"","format":"standard","meta":{"footnotes":""},"categories":[2],"tags":[],"class_list":["post-45791","post","type-post","status-publish","format-standard","has-post-thumbnail","hentry","category-actual"],"_links":{"self":[{"href":"https:\/\/247stiri.ro\/index.php\/wp-json\/wp\/v2\/posts\/45791","targetHints":{"allow":["GET"]}}],"collection":[{"href":"https:\/\/247stiri.ro\/index.php\/wp-json\/wp\/v2\/posts"}],"about":[{"href":"https:\/\/247stiri.ro\/index.php\/wp-json\/wp\/v2\/types\/post"}],"replies":[{"embeddable":true,"href":"https:\/\/247stiri.ro\/index.php\/wp-json\/wp\/v2\/comments?post=45791"}],"version-history":[{"count":0,"href":"https:\/\/247stiri.ro\/index.php\/wp-json\/wp\/v2\/posts\/45791\/revisions"}],"wp:featuredmedia":[{"embeddable":true,"href":"https:\/\/247stiri.ro\/index.php\/wp-json\/wp\/v2\/media\/45792"}],"wp:attachment":[{"href":"https:\/\/247stiri.ro\/index.php\/wp-json\/wp\/v2\/media?parent=45791"}],"wp:term":[{"taxonomy":"category","embeddable":true,"href":"https:\/\/247stiri.ro\/index.php\/wp-json\/wp\/v2\/categories?post=45791"},{"taxonomy":"post_tag","embeddable":true,"href":"https:\/\/247stiri.ro\/index.php\/wp-json\/wp\/v2\/tags?post=45791"}],"curies":[{"name":"wp","href":"https:\/\/api.w.org\/{rel}","templated":true}]}}