{"id":4580,"date":"2024-11-05T07:59:30","date_gmt":"2024-11-05T07:59:30","guid":{"rendered":"https:\/\/247stiri.ro\/index.php\/2024\/11\/05\/un-tanar-de-20-de-ani-s-a-sinucis-in-penitenciar-era-cercetat-pentru-tentativa-de-omor\/"},"modified":"2024-11-05T07:59:30","modified_gmt":"2024-11-05T07:59:30","slug":"un-tanar-de-20-de-ani-s-a-sinucis-in-penitenciar-era-cercetat-pentru-tentativa-de-omor","status":"publish","type":"post","link":"https:\/\/247stiri.ro\/index.php\/2024\/11\/05\/un-tanar-de-20-de-ani-s-a-sinucis-in-penitenciar-era-cercetat-pentru-tentativa-de-omor\/","title":{"rendered":"Un t\u00e2n\u0103r de 20 de ani s-a SINUCIS \u00een penitenciar. Era cercetat pentru tentativ\u0103 de omor"},"content":{"rendered":"<p>\u201eConducerea Penitenciarului Miercurea Ciuc face cunoscut opiniei publice faptul c\u0103 \u00een data de 02.11.2024, un de\u0163inut \u00een v\u00e2rst\u0103 de 20 ani aflat \u00een custodia unit\u0103\u0163ii, s-a sinucis prin sp\u00e2nzurare, f\u0103r\u0103 a fi cunoscut cu inten\u0163ii de suicid \u015fi f\u0103r\u0103 ca acesta s\u0103 fi afirmat, anterior, inten\u0163iile sale. Motivul pentru care de\u0163inutul a recurs la gestul extrem este necunoscut. Incidentul a fost descoperit de agentul supraveghetor \u00een camera de de\u0163inere la care a fost cazat individual, ulterior apel\u00e2ndu-se Serviciul Unic de Urgen\u0163\u0103 112. Au fost aplicate manevre de resuscitare circa 40 minute, dar f\u0103r\u0103 rezultat, decesul fiind declarat oficial la orele 17:30\u201d, se arat\u0103 \u00een comunicatul citat. \u00a0<\/p>\n<p>Potrivit sursei citate, de\u0163inutul avea domiciliul \u00een jude\u0163ul Harghita \u015fi fusese arestat preventiv din data de 5 septembrie, \u00een baza mandatului de arestare preventiv\u0103 emis de Tribunalul Harghita, ca urmare a s\u0103v\u00e2r\u015firii infrac\u0163iunii de tentativ\u0103 de omor.<\/p>\n<p>T\u00e2n\u0103rul nu avea antecedente penale \u015fi a fost \u00eencarcerat \u00een Penitenciarul Miercurea Ciuc la data de 30 octombrie. \u00a0<\/p>\n<p>\u201ePe aceast\u0103 cale, conducerea institu\u0163iei face cunoscut faptul c\u0103 \u00een urma incidentului produs, s-au demarat cercet\u0103rile specifice \u00een vederea stabilirii circumstan\u0163elor \u015fi a cauzelor producerii evenimentului\u201d, se mai arat\u0103 \u00een comunicatul Penitenciarului Miercurea-Ciuc<\/p>","protected":false},"excerpt":{"rendered":"<p>\u201eConducerea Penitenciarului Miercurea Ciuc face cunoscut opiniei publice faptul c\u0103 \u00een data de 02.11.2024, un&hellip;<\/p>\n","protected":false},"author":0,"featured_media":4581,"comment_status":"open","ping_status":"open","sticky":false,"template":"","format":"standard","meta":{"footnotes":""},"categories":[2],"tags":[],"class_list":["post-4580","post","type-post","status-publish","format-standard","has-post-thumbnail","hentry","category-actual"],"_links":{"self":[{"href":"https:\/\/247stiri.ro\/index.php\/wp-json\/wp\/v2\/posts\/4580","targetHints":{"allow":["GET"]}}],"collection":[{"href":"https:\/\/247stiri.ro\/index.php\/wp-json\/wp\/v2\/posts"}],"about":[{"href":"https:\/\/247stiri.ro\/index.php\/wp-json\/wp\/v2\/types\/post"}],"replies":[{"embeddable":true,"href":"https:\/\/247stiri.ro\/index.php\/wp-json\/wp\/v2\/comments?post=4580"}],"version-history":[{"count":0,"href":"https:\/\/247stiri.ro\/index.php\/wp-json\/wp\/v2\/posts\/4580\/revisions"}],"wp:featuredmedia":[{"embeddable":true,"href":"https:\/\/247stiri.ro\/index.php\/wp-json\/wp\/v2\/media\/4581"}],"wp:attachment":[{"href":"https:\/\/247stiri.ro\/index.php\/wp-json\/wp\/v2\/media?parent=4580"}],"wp:term":[{"taxonomy":"category","embeddable":true,"href":"https:\/\/247stiri.ro\/index.php\/wp-json\/wp\/v2\/categories?post=4580"},{"taxonomy":"post_tag","embeddable":true,"href":"https:\/\/247stiri.ro\/index.php\/wp-json\/wp\/v2\/tags?post=4580"}],"curies":[{"name":"wp","href":"https:\/\/api.w.org\/{rel}","templated":true}]}}