{"id":45809,"date":"2025-04-08T07:44:53","date_gmt":"2025-04-08T07:44:53","guid":{"rendered":"https:\/\/247stiri.ro\/index.php\/2025\/04\/08\/procurorii-trebuie-sa-decida-masura-din-dosarul-lui-calin-georgescu-cat-vor-sa-il-tina-blocat-ce-probe-cauta\/"},"modified":"2025-04-08T07:44:53","modified_gmt":"2025-04-08T07:44:53","slug":"procurorii-trebuie-sa-decida-masura-din-dosarul-lui-calin-georgescu-cat-vor-sa-il-tina-blocat-ce-probe-cauta","status":"publish","type":"post","link":"https:\/\/247stiri.ro\/index.php\/2025\/04\/08\/procurorii-trebuie-sa-decida-masura-din-dosarul-lui-calin-georgescu-cat-vor-sa-il-tina-blocat-ce-probe-cauta\/","title":{"rendered":"Procurorii trebuie s\u0103 decid\u0103 m\u0103sura din dosarul lui C\u0103lin Georgescu. C\u00e2t vor s\u0103 \u00eel \u021bin\u0103 blocat, ce probe caut\u0103"},"content":{"rendered":"<p>Este vorba despre foarte multe controverse \u00een ceea ce prive\u0219te dosarele \u00een care este implicat C\u0103lin Georgescu: trei dosare penale deschise la parchetul general pentru 6 acuza\u021bii extrem de grave care nu se sus\u021bin cu probe de c\u0103tre procurori \u0219i nici m\u0103car cu argumente extrem de importante care au stat la baza acestora.<\/p>\n<p>Conform surselor Realitatea PLUS, C\u0103lin Georgescu ar urma sa ajung\u0103 din nou \u00een fata procurorilor s\u0103pt\u0103m\u00e2na viitoare pentru noi audieri. De asemenea, procurorii trebuie s\u0103 decid\u0103 ce vor face cu m\u0103sura preventiv\u0103 dac\u0103 vor prelungi m\u0103sura preventiv\u0103 pentru control judiciar pentru alte 60 de zile sau dac\u0103 \u00eei vor schimba aceast\u0103 m\u0103sura sau, de ce nu, s\u0103 \u00eel lase \u00een libertate.<\/p>\n<p>\u00centruc\u00e2t acuza\u021biile nu se sus\u021bin cu probe \u0219i nici m\u0103car de argumente din partea procurorilor, \u00eenc\u0103 de la jum\u0103tatea lunii februarie au fost f\u0103cute mai multe activit\u0103\u021bi \u00een cadrul acestui dosar. \u00cen acela\u0219i timp procurorul de caz a fost dat pe m\u00e2na inspec\u021biei judiciare pentru presupusele abuzuri efectuate \u00een dosarul \u00een care este implicat C\u0103lin Georgescu.<\/p>\n<p>Avoca\u021bii spun c\u0103 acest dosar a fost f\u0103cut doar la ordin politic pentru a-i \u00eempiedica candidatura la alegerile preziden\u021biale. \u00cen acela\u0219i timp, m\u0103sura preventiv\u0103, cea de control judiciar, expir\u0103 chiar cu o s\u0103pt\u0103m\u00e2n\u0103 \u00eenainte de primul tur al alegerilor preziden\u021biale din 4 mai.<\/p>\n<p>\u00cen acela\u0219i timp trebuie s\u0103 respecte \u0219i o serie de masuri extrem de importante: s\u0103 nu p\u0103r\u0103seasc\u0103 \u021bara, s\u0103 dea cu subsemnatul la sec\u021bia de politie ori de c\u00e2te ori este nevoie \u00een fiecare s\u0103pt\u0103m\u00e2n\u0103 \u0219i s\u0103 nu fac\u0103 declara\u021bii care ar putea sa \u00eei schimbe aceast\u0103 m\u0103sur\u0103 preventiv\u0103.<\/p>","protected":false},"excerpt":{"rendered":"<p>Este vorba despre foarte multe controverse \u00een ceea ce prive\u0219te dosarele \u00een care este implicat&hellip;<\/p>\n","protected":false},"author":0,"featured_media":45805,"comment_status":"open","ping_status":"open","sticky":false,"template":"","format":"standard","meta":{"footnotes":""},"categories":[2],"tags":[],"class_list":["post-45809","post","type-post","status-publish","format-standard","has-post-thumbnail","hentry","category-actual"],"_links":{"self":[{"href":"https:\/\/247stiri.ro\/index.php\/wp-json\/wp\/v2\/posts\/45809","targetHints":{"allow":["GET"]}}],"collection":[{"href":"https:\/\/247stiri.ro\/index.php\/wp-json\/wp\/v2\/posts"}],"about":[{"href":"https:\/\/247stiri.ro\/index.php\/wp-json\/wp\/v2\/types\/post"}],"replies":[{"embeddable":true,"href":"https:\/\/247stiri.ro\/index.php\/wp-json\/wp\/v2\/comments?post=45809"}],"version-history":[{"count":0,"href":"https:\/\/247stiri.ro\/index.php\/wp-json\/wp\/v2\/posts\/45809\/revisions"}],"wp:featuredmedia":[{"embeddable":true,"href":"https:\/\/247stiri.ro\/index.php\/wp-json\/wp\/v2\/media\/45805"}],"wp:attachment":[{"href":"https:\/\/247stiri.ro\/index.php\/wp-json\/wp\/v2\/media?parent=45809"}],"wp:term":[{"taxonomy":"category","embeddable":true,"href":"https:\/\/247stiri.ro\/index.php\/wp-json\/wp\/v2\/categories?post=45809"},{"taxonomy":"post_tag","embeddable":true,"href":"https:\/\/247stiri.ro\/index.php\/wp-json\/wp\/v2\/tags?post=45809"}],"curies":[{"name":"wp","href":"https:\/\/api.w.org\/{rel}","templated":true}]}}