{"id":45850,"date":"2025-04-08T10:45:51","date_gmt":"2025-04-08T10:45:51","guid":{"rendered":"https:\/\/247stiri.ro\/index.php\/2025\/04\/08\/descinderi-dna-primarul-din-flamanzi-si-cel-din-comuna-mihai-eminescu-au-fost-retinuti\/"},"modified":"2025-04-08T10:45:51","modified_gmt":"2025-04-08T10:45:51","slug":"descinderi-dna-primarul-din-flamanzi-si-cel-din-comuna-mihai-eminescu-au-fost-retinuti","status":"publish","type":"post","link":"https:\/\/247stiri.ro\/index.php\/2025\/04\/08\/descinderi-dna-primarul-din-flamanzi-si-cel-din-comuna-mihai-eminescu-au-fost-retinuti\/","title":{"rendered":"Descinderi DNA: primarul din Fl\u0103m\u00e2nzi \u0219i cel din comuna Mihai Eminescu au fost re\u021binu\u021bi\u00a0"},"content":{"rendered":"<p>Cei doi au fost re\u021binu\u021bi \u00een urma celor 39 de perchezi\u021bii pe care procurorii DNA le-au efectuat luni \u00een jude\u021bele Boto\u0219ani \u0219i Suceava \u00eentr-un dosar de corup\u021bie \u0219i fapte asimilate celor de corup\u021bie.<\/p>\n<p>\u00cen acela\u0219i dosar a fost re\u021binut \u0219i un om de afaceri care controleaz\u0103 cea mai mare firm\u0103 de construc\u021bii din Boto\u0219ani.<\/p>\n<p>Procurorii Direc\u021biei Na\u021bionale Anticorup\u021bie (DNA) &#8211; Serviciul Teritorial Suceava au efectuat, luni, 39 de perchezi\u021bii \u00een jude\u021bele Boto\u0219ani \u0219i Suceava, fiind vizate \u0219i cinci sedii ale unor institu\u021bii publice, \u00eentr-un dosar penal ce vizeaz\u0103 infrac\u021biuni de corup\u021bie s\u0103v\u00e2r\u0219ite \u00een perioada 2023-2024, se arat\u0103 \u00eentr-un comunicat de pres\u0103 transmis de DNA.<\/p>\n<p>&#8222;Procurorii din cadrul Direc\u021biei Na\u021bionale Anticorup\u021bie &#8211; Serviciul teritorial Suceava efectueaz\u0103 cercet\u0103ri \u00eentr-o cauz\u0103 penal\u0103 ce vizeaz\u0103 suspiciuni privind s\u0103v\u00e2r\u0219irea unor infrac\u021biuni de corup\u021bie \u0219i infrac\u021biuni asimilate celor de corup\u021bie, s\u0103v\u00e2r\u0219ite \u00een perioada 2023-2024. \u00cen cursul zilei de 07 aprilie 2025, ca urmare a ob\u021binerii autoriz\u0103rilor legale de la instan\u021ba competent\u0103, se efectueaz\u0103 perchezi\u021bii \u00een 39 de loca\u021bii, dintre care cinci (5) sunt sedii de institu\u021bii publice situate \u00een jude\u021bele Boto\u0219ani \u0219i Suceava, iar restul sunt domicilii ale unor persoane fizice \u0219i sedii de societ\u0103\u021bi comerciale&#8221;, precizeaz\u0103 comunicatul DNA.<\/p>","protected":false},"excerpt":{"rendered":"<p>Cei doi au fost re\u021binu\u021bi \u00een urma celor 39 de perchezi\u021bii pe care procurorii DNA&hellip;<\/p>\n","protected":false},"author":0,"featured_media":45851,"comment_status":"open","ping_status":"open","sticky":false,"template":"","format":"standard","meta":{"footnotes":""},"categories":[3],"tags":[],"class_list":["post-45850","post","type-post","status-publish","format-standard","has-post-thumbnail","hentry","category-politica"],"_links":{"self":[{"href":"https:\/\/247stiri.ro\/index.php\/wp-json\/wp\/v2\/posts\/45850","targetHints":{"allow":["GET"]}}],"collection":[{"href":"https:\/\/247stiri.ro\/index.php\/wp-json\/wp\/v2\/posts"}],"about":[{"href":"https:\/\/247stiri.ro\/index.php\/wp-json\/wp\/v2\/types\/post"}],"replies":[{"embeddable":true,"href":"https:\/\/247stiri.ro\/index.php\/wp-json\/wp\/v2\/comments?post=45850"}],"version-history":[{"count":0,"href":"https:\/\/247stiri.ro\/index.php\/wp-json\/wp\/v2\/posts\/45850\/revisions"}],"wp:featuredmedia":[{"embeddable":true,"href":"https:\/\/247stiri.ro\/index.php\/wp-json\/wp\/v2\/media\/45851"}],"wp:attachment":[{"href":"https:\/\/247stiri.ro\/index.php\/wp-json\/wp\/v2\/media?parent=45850"}],"wp:term":[{"taxonomy":"category","embeddable":true,"href":"https:\/\/247stiri.ro\/index.php\/wp-json\/wp\/v2\/categories?post=45850"},{"taxonomy":"post_tag","embeddable":true,"href":"https:\/\/247stiri.ro\/index.php\/wp-json\/wp\/v2\/tags?post=45850"}],"curies":[{"name":"wp","href":"https:\/\/api.w.org\/{rel}","templated":true}]}}