{"id":45854,"date":"2025-04-08T10:45:53","date_gmt":"2025-04-08T10:45:53","guid":{"rendered":"https:\/\/247stiri.ro\/index.php\/2025\/04\/08\/ilie-bolojan-trebuie-gasite-rapid-solutii-eficiente-pentru-razboiul-hibrid-dezinformarea-securitatea-si-criminalitatea-cibernetice\/"},"modified":"2025-04-08T10:45:53","modified_gmt":"2025-04-08T10:45:53","slug":"ilie-bolojan-trebuie-gasite-rapid-solutii-eficiente-pentru-razboiul-hibrid-dezinformarea-securitatea-si-criminalitatea-cibernetice","status":"publish","type":"post","link":"https:\/\/247stiri.ro\/index.php\/2025\/04\/08\/ilie-bolojan-trebuie-gasite-rapid-solutii-eficiente-pentru-razboiul-hibrid-dezinformarea-securitatea-si-criminalitatea-cibernetice\/","title":{"rendered":"Ilie Bolojan: Trebuie g\u0103site rapid solu\u0163ii eficiente pentru r\u0103zboiul hibrid, dezinformarea, securitatea \u015fi criminalitatea cibernetice"},"content":{"rendered":"<p>\u201dPrezen\u0163a dumneavoastr\u0103 aici nu este doar un angajament pentru inova\u0163ie \u015fi progres, ci \u015fi o declara\u0163ie ferm\u0103 c\u0103 Rom\u00e2nia este preg\u0103tit\u0103 s\u0103 ac\u0163ioneze \u015fi s\u0103 fac\u0103 mai mult. Tr\u0103im un moment definitoriu, \u00een care contextul de securitate, dublat de un deficit bugetar semnificativ, ne oblig\u0103, mai mult ca oric\u00e2nd, s\u0103 adopt\u0103m m\u0103suri de eficientizare a aparatului public. Tehnologia \u015fi digitalizarea reprezint\u0103 cele mai eficiente instrumente pentru o reform\u0103 profund\u0103. Ele nu sunt simple unelte, ci devin un pilon esen\u0163ial pentru reducerea cheltuielilor \u015fi cre\u015fterii calit\u0103\u0163ii \u015fi accesibilit\u0103\u0163ii serviciilor publice\u201d, a transmis Ilie Bolojan<\/p>\n<p>Potrivit pre\u015fedintelui interimar, \u201dtehnologia \u015fi mediul digital, guvernate de inteligen\u0163a artificial\u0103, devin componente de baz\u0103 ale oric\u0103rui proiect public sau privat, civil sau militar\u201d.<\/p>\n<p>\u201dNe afl\u0103m \u00een mijlocul unei lumi marcate de schimb\u0103ri tectonice profunde, dominate de lupta pentru competitivitate \u015fi de o revolu\u0163ie tehnologic\u0103 bazat\u0103 pe inteligen\u0163a artificial\u0103. \u00cen acest context amplificat de pozi\u0163ia strategic\u0103 pe care Rom\u00e2nia o are, este esen\u0163ial s\u0103 evalu\u0103m corect, realist complexitatea imensei provoc\u0103ri care ne st\u0103 \u00een fa\u0163\u0103. R\u0103zboiul hibrid, dezinformarea, securitatea \u015fi criminalitatea cibernetice, precum \u015fi necesitatea unor servicii publice de calitate \u015fi sigure sunt doar c\u00e2teva din problemele la care trebuie s\u0103 identific\u0103m rapid solu\u0163ii \u015fi s\u0103 ac\u0163ion\u0103m ferm\u201d, a mai transmis pre\u015fedintele interimar al Rom\u00e2niei.<\/p>\n<p>Ilie Bolojan a ar\u0103tat, totodat\u0103, c\u0103 \u201dprotec\u0163ia infrastructurii critice este un domeniu \u00een care trebuie s\u0103 punem un accent deosebit, devine o prioritate imediat\u0103, al\u0103turi de alte domenii esen\u0163iale\u201d.<\/p>\n<p>\u201dR\u0103zboiul purtat de Federa\u0163ia Rus\u0103 \u00een Ucraina se desf\u0103\u015foar\u0103, am v\u0103zut clar, \u00een spa\u0163iul cibernetic, asupra infrastructurii energetice, \u015fi m\u0103 bucur c\u0103 Rom\u00e2nia a ac\u0163ionat prompt modific\u00e2nd cadrul legislativ, prin Legea 294\/2024, care impune \u015fi oblig\u0103 infrastructurile critice s\u0103 includ\u0103 \u00een planurile de securitate m\u0103suri de protec\u0163ie \u00eempotriva atacurilor \u015fi a amenin\u0163\u0103rilor cibernetice. Niciun plan de securitate sau rezilien\u0163\u0103 nu mai poate fi adoptat f\u0103r\u0103 prevederea unor m\u0103suri corespunz\u0103toare de protec\u0163ie \u00eempotriva atacurilor cibernetice. Salut ini\u0163iativa Ministerului Energiei de a \u00eenfiin\u0163a, p\u00e2n\u0103 la finalul lunii aprilie, primul Centru Sectorial de R\u0103spuns la Incidente de Securitate Cibernetic\u0103\u201d, a ad\u0103ugat pre\u015fedintele interimar.<\/p>\n<p>Bolojan afirm\u0103 c\u0103 \u201dstrategia noastr\u0103 de a sprijini Ucraina \u015fi Republica Moldova sunt puternic legate de o viziune a asigur\u0103rii securit\u0103\u0163ii cibernetice pentru infrastructurile critice, noi c\u0103ut\u00e2nd s\u0103 ne interconect\u0103m cu cei doi vecini, astfel \u00eenc\u00e2t s\u0103 le putem fi un sprijin real\u201d.<\/p>\n<p>\u201d\u00cen acest context, c\u0103ut\u0103m cele mai bune solu\u0163ii cu partenerii europeni \u015fi transatlantici pentru rezilien\u0163a infrastructurilor critice din Rom\u00e2nia, pentru c\u0103 acestea, odat\u0103 asigurate, sunt un real sprijin \u015fi pentru vecinii no\u015ftri. Remarc importan\u0163a cresc\u00e2nd\u0103 a diploma\u0163iei cibernetice pentru a ne coordona cu parteneri \u015fi alia\u0163i \u00een vederea stabilirii unor agende \u015fi standarde comune de reglementare, pentru a face schimburi de informa\u0163ii care s\u0103 sporeasc\u0103 rezilien\u0163a \u00een fa\u0163a atacurilor cibernetice, s\u0103 sporeasc\u0103 lupta \u00eempotriva dezinform\u0103rii \u015fi pentru a investiga \u015fi pentru a aduce \u00een fa\u0163a legii pe cei care sunt r\u0103spunz\u0103tori pentru acestea\u201d, a mai transmis Bolojan.<\/p>\n<p>Acesta crede c\u0103 \u201dnu vom avea o misiune deloc u\u015foar\u0103\u201d.<\/p>\n<p>\u201dAm \u00eencredere c\u0103 Rom\u00e2nia are talentul, antreprenorii, companiile private care s\u0103 ofere solu\u0163ii la nivelul de inova\u0163ie necesar pentru a excela \u00een acest context extrem de provocator \u015fi greu. Pe c\u00e2t de \u00eembucur\u0103tor este acest lucru, pe at\u00e2t de important este ca mediul politic s\u0103 se ridice la nivelul provoc\u0103rilor \u015fi s\u0103 rec\u00e2\u015ftige \u00eencrederea societ\u0103\u0163ii prin munc\u0103 \u015fi decizii clare\u201d, a mai transmis Bolojan.<\/p>\n<p>Acesta afirm\u0103 c\u0103 i-a atras aten\u0163ia motto-ul re\u0163elei Eurodefense: \u201dNu putem vorbi de securitate f\u0103r\u0103 Europa cum nu putem vorbi de Europa f\u0103r\u0103 securitate\u201d.<\/p>\n<p>\u201dAl\u0103turi de partenerii europeni, americani, de alia\u0163ii din NATO, vom intensifica eforturile pentru a oferi societ\u0103\u0163ii rom\u00e2ne\u015fti securitatea de care are nevoie pentru a continua s\u0103 prospere a\u015fa cum a f\u0103cut-o p\u00e2n\u0103 acum. Felicit\u0103ri ICI Bucure\u015fti \u015fi partenerilor lor pentru organizarea acestui eveniment de importan\u0163\u0103 regional\u0103 \u015fi extrem de valoros pentru Rom\u00e2nia\u201d, se arat\u0103 \u00een finalul mesajului.<\/p>\n<p>Mesajul a fost prezentat de c\u0103tre Mihai Jurca, consilier preziden\u0163ial Departamentul Administra\u0163ie, Politici Publice \u015fi Societate Civil\u0103, \u00een cadrul evenimentului organizat la Palatul Parlamentului.<\/p>\n<p>\u00a0<\/p>","protected":false},"excerpt":{"rendered":"<p>\u201dPrezen\u0163a dumneavoastr\u0103 aici nu este doar un angajament pentru inova\u0163ie \u015fi progres, ci \u015fi o&hellip;<\/p>\n","protected":false},"author":0,"featured_media":45855,"comment_status":"open","ping_status":"open","sticky":false,"template":"","format":"standard","meta":{"footnotes":""},"categories":[3],"tags":[],"class_list":["post-45854","post","type-post","status-publish","format-standard","has-post-thumbnail","hentry","category-politica"],"_links":{"self":[{"href":"https:\/\/247stiri.ro\/index.php\/wp-json\/wp\/v2\/posts\/45854","targetHints":{"allow":["GET"]}}],"collection":[{"href":"https:\/\/247stiri.ro\/index.php\/wp-json\/wp\/v2\/posts"}],"about":[{"href":"https:\/\/247stiri.ro\/index.php\/wp-json\/wp\/v2\/types\/post"}],"replies":[{"embeddable":true,"href":"https:\/\/247stiri.ro\/index.php\/wp-json\/wp\/v2\/comments?post=45854"}],"version-history":[{"count":0,"href":"https:\/\/247stiri.ro\/index.php\/wp-json\/wp\/v2\/posts\/45854\/revisions"}],"wp:featuredmedia":[{"embeddable":true,"href":"https:\/\/247stiri.ro\/index.php\/wp-json\/wp\/v2\/media\/45855"}],"wp:attachment":[{"href":"https:\/\/247stiri.ro\/index.php\/wp-json\/wp\/v2\/media?parent=45854"}],"wp:term":[{"taxonomy":"category","embeddable":true,"href":"https:\/\/247stiri.ro\/index.php\/wp-json\/wp\/v2\/categories?post=45854"},{"taxonomy":"post_tag","embeddable":true,"href":"https:\/\/247stiri.ro\/index.php\/wp-json\/wp\/v2\/tags?post=45854"}],"curies":[{"name":"wp","href":"https:\/\/api.w.org\/{rel}","templated":true}]}}