{"id":45882,"date":"2025-04-08T11:46:32","date_gmt":"2025-04-08T11:46:32","guid":{"rendered":"https:\/\/247stiri.ro\/index.php\/2025\/04\/08\/ilie-bolojan-conferinta-de-presa-astazi-la-cotroceni-pe-tema-tarifelor-comerciale-impuse-de-sua\/"},"modified":"2025-04-08T11:46:32","modified_gmt":"2025-04-08T11:46:32","slug":"ilie-bolojan-conferinta-de-presa-astazi-la-cotroceni-pe-tema-tarifelor-comerciale-impuse-de-sua","status":"publish","type":"post","link":"https:\/\/247stiri.ro\/index.php\/2025\/04\/08\/ilie-bolojan-conferinta-de-presa-astazi-la-cotroceni-pe-tema-tarifelor-comerciale-impuse-de-sua\/","title":{"rendered":"Ilie Bolojan, conferin\u021b\u0103 de pres\u0103, ast\u0103zi, la Cotroceni, pe tema tarifelor comerciale impuse de SUA"},"content":{"rendered":"<p>Pre\u015fedintele interimar al Rom\u00e2niei, Ilie Bolojan, va sus\u0163ine mar\u0163i, ora 17:00, o conferin\u0163\u0103 de pres\u0103, la Palatul Cotroceni, pe tema tarifelor comerciale impuse de Statele Unite ale Americii, anun\u0163\u0103 Administra\u0163ia Preziden\u0163ial\u0103.<\/p>\n<p>Cu siguran\u021b\u0103 vor exista discu\u021bii despre tot ce \u00eenseamn\u0103 rela\u021bia cu SUA \u00een momentul de fa\u021b\u0103, \u00een urma controversei cu emisarii speciali trimi\u0219i de Rom\u00e2nia, dup\u0103 declara\u021biile lui Drago\u0219 Spr\u00eencean\u0103 \u0219i ale liderilor politici pe aceast\u0103 tem\u0103. Bolojan ar putea aborda \u0219i controversa aruncat\u0103 de Pentagon, cum c\u0103 SUA ar retrage 10.000 de solda\u021bi americani din Rom\u00e2nia \u0219i Polonia, ceea ce ar crea o situa\u021bie extrem de tensionat\u0103 pentru \u021bara noastr\u0103.<\/p>\n<p>Uniunea European\u0103 (UE) a propus Statelor Unite o scutire &#8211; total\u0103 \u015fi reciproc\u0103 &#8211; de taxe vamale la produsele industriale &#8211; inclusiv ma\u015fini -, anun\u0163\u0103 luni pre\u015fedinta Comisiei Europene (CE) Ursula von der Leyen, cu scopul de a evita un r\u0103zboi comercial.<\/p>\n<p>Comisia European\u0103 a propus luni impunerea unor tarife de retorsiune de 25% pentru o serie de produse americane, ca r\u0103spuns la tarifele impuse de pre\u015fedintele Donald Trump o\u0163elului \u015fi aluminiului, potrivit unui document consultat de Reuters.<\/p>\n<p>Donald Trump a lansat o ofensiv\u0103 protec\u0163ionist\u0103 f\u0103r\u0103 echivalent din anii 1930, printr-o serie de cre\u015fteri ale taxelor vamale, de 20% viz\u00e2nd m\u0103rfurilor din UE.<\/p>","protected":false},"excerpt":{"rendered":"<p>Pre\u015fedintele interimar al Rom\u00e2niei, Ilie Bolojan, va sus\u0163ine mar\u0163i, ora 17:00, o conferin\u0163\u0103 de pres\u0103,&hellip;<\/p>\n","protected":false},"author":0,"featured_media":45876,"comment_status":"open","ping_status":"open","sticky":false,"template":"","format":"standard","meta":{"footnotes":""},"categories":[2],"tags":[],"class_list":["post-45882","post","type-post","status-publish","format-standard","has-post-thumbnail","hentry","category-actual"],"_links":{"self":[{"href":"https:\/\/247stiri.ro\/index.php\/wp-json\/wp\/v2\/posts\/45882","targetHints":{"allow":["GET"]}}],"collection":[{"href":"https:\/\/247stiri.ro\/index.php\/wp-json\/wp\/v2\/posts"}],"about":[{"href":"https:\/\/247stiri.ro\/index.php\/wp-json\/wp\/v2\/types\/post"}],"replies":[{"embeddable":true,"href":"https:\/\/247stiri.ro\/index.php\/wp-json\/wp\/v2\/comments?post=45882"}],"version-history":[{"count":0,"href":"https:\/\/247stiri.ro\/index.php\/wp-json\/wp\/v2\/posts\/45882\/revisions"}],"wp:featuredmedia":[{"embeddable":true,"href":"https:\/\/247stiri.ro\/index.php\/wp-json\/wp\/v2\/media\/45876"}],"wp:attachment":[{"href":"https:\/\/247stiri.ro\/index.php\/wp-json\/wp\/v2\/media?parent=45882"}],"wp:term":[{"taxonomy":"category","embeddable":true,"href":"https:\/\/247stiri.ro\/index.php\/wp-json\/wp\/v2\/categories?post=45882"},{"taxonomy":"post_tag","embeddable":true,"href":"https:\/\/247stiri.ro\/index.php\/wp-json\/wp\/v2\/tags?post=45882"}],"curies":[{"name":"wp","href":"https:\/\/api.w.org\/{rel}","templated":true}]}}