{"id":45883,"date":"2025-04-08T11:46:32","date_gmt":"2025-04-08T11:46:32","guid":{"rendered":"https:\/\/247stiri.ro\/index.php\/2025\/04\/08\/rafila-anunta-ca-platforma-informatica-a-asigurarilor-de-sanatate-ar-putea-sa-devina-functionala-pana-la-jumatatea-anului-viitor\/"},"modified":"2025-04-08T11:46:32","modified_gmt":"2025-04-08T11:46:32","slug":"rafila-anunta-ca-platforma-informatica-a-asigurarilor-de-sanatate-ar-putea-sa-devina-functionala-pana-la-jumatatea-anului-viitor","status":"publish","type":"post","link":"https:\/\/247stiri.ro\/index.php\/2025\/04\/08\/rafila-anunta-ca-platforma-informatica-a-asigurarilor-de-sanatate-ar-putea-sa-devina-functionala-pana-la-jumatatea-anului-viitor\/","title":{"rendered":"Rafila anun\u021b\u0103 c\u0103 platforma informatic\u0103 a asigur\u0103rilor de s\u0103n\u0103tate ar putea s\u0103 devin\u0103 func\u021bional\u0103 p\u00e2n\u0103 la jum\u0103tatea anului viitor"},"content":{"rendered":"<p>\u201eDigitalizarea \u00een sine este un proces complex care nu poate s\u0103 lase s\u0103n\u0103tatea \u00een afar\u0103. Iar ceea ce se \u00eent\u00e2mpl\u0103 acum \u00een sectorul sanitar are c\u00e2teva paliere, care cred c\u0103 sunt de interes mare pentru autorit\u0103\u021bi, pentru cei care decid politicile de s\u0103n\u0103tate, dar \u0219i pentru beneficiarii serviciilor de s\u0103n\u0103tate, pentru pacien\u021bi.<\/p>\n<p>A\u0219 vrea s\u0103 trec \u00een revist\u0103 care sunt principalele zone care sunt accesate de aceast\u0103 revolu\u021bie tehnologic\u0103 sprijinit\u0103 de digitalizare, de utilizarea inteligen\u021bei artificiale \u00een acordarea serviciilor medicale.<\/p>\n<p>\u00cen primul r\u00e2nd este vorba despre dezvoltarea platformei informatice a asigur\u0103rilor de s\u0103n\u0103tate, chiar dac\u0103 nu Ministerul S\u0103n\u0103t\u0103\u021bii este principalul beneficiar. \u00cen mod evident, principalii beneficiari, \u00een momentul care aceast\u0103 platform\u0103, sper\u0103m ca p\u00e2n\u0103 la jum\u0103tatea anului viitor ea s\u0103 fie definitivat\u0103 \u0219i s\u0103 devin\u0103 func\u021bional\u0103, vor fi pacien\u021bii, vor fi medicii, care pot s\u0103 acceseze toat\u0103 gama de servicii de care au nevoie din punct de vedere al platformei informatice.<\/p>\n<p>\u0218i, nu \u00een ultimul r\u00e2nd, vom avea suficiente date \u00eenc\u00e2t s\u0103 fundament\u0103m politicile noastre de s\u0103n\u0103tate \u0219i s\u0103 prioritiz\u0103m acolo unde, \u00een mod evident, ele \u00eenc\u0103 necesit\u0103 sprijin\u201d, a spus Alexandru Rafila.Acesta a mai subliniat c\u0103 Rom\u00e2nia, ca membru al Uniunii Europene, trebuie s\u0103 se ralieze spa\u021biului de date din domeniul s\u0103n\u0103t\u0103\u021bii de la nivelul Uniunii Europene, iar acest spa\u021biu de date este \u00een perioada de preg\u0103tire, platforma integrat\u0103 a asigur\u0103rilor de s\u0103n\u0103tate fiind un element cheie pentru ca Rom\u00e2nia s\u0103 devin\u0103 parte a acestui sistem.Pe de alt\u0103 parte, ministrul a men\u021bionat c\u0103 \u00een Planul Na\u021bional de Redresare \u0219i Rezilien\u021b\u0103 (PNRR) sunt circa 200 de spitale introduse \u00een procesul de digitalizare, al\u0103turi de platforma informatic\u0103, al c\u0103rei beneficiar este Casa Na\u021bional\u0103 de Asigur\u0103ri de S\u0103n\u0103tate.\u201e\u00cencerc\u0103m s\u0103 facem ceva care s\u0103 fie, dac\u0103 vre\u021bi, inovator \u00een Rom\u00e2nia \u0219i poate \u0219i \u00een Europa. Este vorba de un spital complet digitalizat.<\/p>\n<p>De cur\u00e2nd am fost \u00een Coreea de Sud, am f\u0103cut o vizit\u0103 oficial\u0103 acolo \u0219i am vizitat un astfel de spital complet digitalizat, care monitorizeaz\u0103 permanent pacientul din punct de vedere al modului \u00een care este investigat, cum evolueaz\u0103 pacientul \u0219i, ceea ce este foarte, foarte important, monitorizeaz\u0103 activitatea profesional\u0103 a fiec\u0103rui cadru medical, fie c\u0103 discut\u0103m de un medic sau de un asistent medical, \u00eenc\u00e2t ea s\u0103 se suprapun\u0103 cel mai bine cu nevoile pacien\u021bilor din spitalul respectiv\u201d, a precizat ministrul S\u0103n\u0103t\u0103\u021bii.<\/p>","protected":false},"excerpt":{"rendered":"<p>\u201eDigitalizarea \u00een sine este un proces complex care nu poate s\u0103 lase s\u0103n\u0103tatea \u00een afar\u0103.&hellip;<\/p>\n","protected":false},"author":0,"featured_media":45878,"comment_status":"open","ping_status":"open","sticky":false,"template":"","format":"standard","meta":{"footnotes":""},"categories":[2],"tags":[],"class_list":["post-45883","post","type-post","status-publish","format-standard","has-post-thumbnail","hentry","category-actual"],"_links":{"self":[{"href":"https:\/\/247stiri.ro\/index.php\/wp-json\/wp\/v2\/posts\/45883","targetHints":{"allow":["GET"]}}],"collection":[{"href":"https:\/\/247stiri.ro\/index.php\/wp-json\/wp\/v2\/posts"}],"about":[{"href":"https:\/\/247stiri.ro\/index.php\/wp-json\/wp\/v2\/types\/post"}],"replies":[{"embeddable":true,"href":"https:\/\/247stiri.ro\/index.php\/wp-json\/wp\/v2\/comments?post=45883"}],"version-history":[{"count":0,"href":"https:\/\/247stiri.ro\/index.php\/wp-json\/wp\/v2\/posts\/45883\/revisions"}],"wp:featuredmedia":[{"embeddable":true,"href":"https:\/\/247stiri.ro\/index.php\/wp-json\/wp\/v2\/media\/45878"}],"wp:attachment":[{"href":"https:\/\/247stiri.ro\/index.php\/wp-json\/wp\/v2\/media?parent=45883"}],"wp:term":[{"taxonomy":"category","embeddable":true,"href":"https:\/\/247stiri.ro\/index.php\/wp-json\/wp\/v2\/categories?post=45883"},{"taxonomy":"post_tag","embeddable":true,"href":"https:\/\/247stiri.ro\/index.php\/wp-json\/wp\/v2\/tags?post=45883"}],"curies":[{"name":"wp","href":"https:\/\/api.w.org\/{rel}","templated":true}]}}