{"id":45888,"date":"2025-04-08T12:44:48","date_gmt":"2025-04-08T12:44:48","guid":{"rendered":"https:\/\/247stiri.ro\/index.php\/2025\/04\/08\/scandalul-taxelor-lui-trump-george-simion-reactie-de-ultim-moment-romania-nu-trebuie-sa-participe-la-un-nou-razboi-nici-economic-nici-ideologic\/"},"modified":"2025-04-08T12:44:48","modified_gmt":"2025-04-08T12:44:48","slug":"scandalul-taxelor-lui-trump-george-simion-reactie-de-ultim-moment-romania-nu-trebuie-sa-participe-la-un-nou-razboi-nici-economic-nici-ideologic","status":"publish","type":"post","link":"https:\/\/247stiri.ro\/index.php\/2025\/04\/08\/scandalul-taxelor-lui-trump-george-simion-reactie-de-ultim-moment-romania-nu-trebuie-sa-participe-la-un-nou-razboi-nici-economic-nici-ideologic\/","title":{"rendered":"Scandalul taxelor lui Trump. George Simion, reac\u021bie de ultim moment: Rom\u00e2nia nu trebuie s\u0103 participe la un nou r\u0103zboi. Nici economic, nici ideologic"},"content":{"rendered":"<p>&#8222;Noi, cei care am r\u0103mas ancora\u021bi \u00een realitate, \u0219tim foarte bine c\u0103 acest conflict comercial nu a \u00eenceput din senin. Tarifele impuse de SUA sunt un r\u0103spuns clar \u0219i previzibil la deciziile hazardate ale Uniunii Europene. Este reac\u021bia direct\u0103 la ini\u021biativa fiscal\u0103 promovata de OECD, adoptat\u0103 entuziast de birocra\u021bii de la Bruxelles \u0219i Paris, \u0219i mai ales la \u00eencerc\u0103rile repetate ale Fran\u021bei \u0219i altor state de a impune taxe digitale gigan\u021bilor americani care activeaz\u0103 online \u2013 companii precum PayPal, Visa, Mastercard, Google sau Meta&#8221;, spune George Simion \u00een reac\u021bia publicat\u0103 pe <a href=\"https:\/\/georgesimion.ro\/romania-nu-trebuie-sa-participe-la-un-nou-razboi-nici-economic-nici-ideologic\/?fbclid=IwY2xjawJh6fxleHRuA2FlbQIxMAABHgEd4rdrxydUNgobD9nyooSFgZmlKCPmaXbzMH5DPmGLcQw3hRPvIrmtGDG__aem_s5dF2kzh9QP11YVM_q18DA\" target=\"_blank\">site-ul<\/a> s\u0103u. Reac\u021bia vine \u00een contextul deciziei luate recent de pre\u0219edintele american Donald Trump, dar \u0219i a r\u0103spunsului Uniunii Europene privind aceast\u0103 hot\u0103r\u00e2re.\u00a0<\/p>\n<p>&#8222;S\u0103 spunem lucrurilor pe nume: au vrut s\u0103 taxeze artificial produsele digitale americane, iar acum se mir\u0103 c\u0103 vine reac\u021bia. Ceea ce face von der Leyen nu este leadership. Este incon\u0219tien\u021b\u0103 strategic\u0103. Dac\u0103 aceast\u0103 tema se va discuta m\u00e2ine la Consiliul European, Rom\u00e2nia are obliga\u021bia s\u0103 se opun\u0103. Escaladarea nu este o solu\u021bie. Dialogul este.Europa are nevoie de America. Iar Rom\u00e2nia are nevoie de rela\u021bii bilaterale privilegiate cu Statele Unite ale Americii, nu de directive impuse de cei care ne-au demonstrat deja c\u0103 nu \u00een\u021beleg contextul global.<\/p>\n<p>Rom\u00e2nia nu mai poate sta pe margine. Nu putem permite ca interesele noastre economice s\u0103 fie sacrificate pe altarul unor politici falimentare, promovate de lideri care nu mai au leg\u0103tur\u0103 nici cu popoarele lor, nici cu realitatea.<\/p>\n<p>\u00cen loc s\u0103 ne trezim cu produse rom\u00e2ne\u0219ti blocate \u00een porturi americane, cu tarife care distrug exportul \u0219i cu alian\u021be puse \u00een pericol, haide\u021bi s\u0103 spunem clar: Rom\u00e2nia trebuie s\u0103 aib\u0103 propria voce \u00een UE. O voce care ap\u0103r\u0103 parteneriatul strategic cu SUA, nu \u00eel dinamiteaz\u0103.<\/p>\n<p>Acesta este angajamentul meu: Rom\u00e2nia va r\u0103m\u00e2ne un aliat loial, demn \u0219i previzibil al Statelor Unite. Nu din slug\u0103rnicie. Ci din respect.<\/p>\n<p>Respect pentru economia \u0219i securitatea na\u021bional\u0103. Respect pentru fermierii \u0219i antreprenorii rom\u00e2ni. Respect pentru rom\u00e2nii care nu mai vor s\u0103 pl\u0103teasc\u0103 din buzunarul lor incompeten\u021ba de la Bruxelles.<\/p>\n<p>Calea pe care o propunem noi pentru Rom\u00e2nia este una clar\u0103 \u0219i curajoas\u0103: rela\u021bii bilaterale privilegiate cu Statele Unite ale Americii, bazate pe \u00eencredere, pe suveranitate \u0219i pe interes reciproc.<\/p>\n<p>A\u0219a vom proteja viitorul economic al \u021b\u0103rii. A\u0219a vom asigura respectul de care Rom\u00e2nia are nevoie \u00een lume&#8221;, se mai arat\u0103 \u00een mesajul transmis mar\u021bi de candidatul suverani\u0219tilor la cea mai important\u0103 func\u021bie \u00een stat.<\/p>","protected":false},"excerpt":{"rendered":"<p>&#8222;Noi, cei care am r\u0103mas ancora\u021bi \u00een realitate, \u0219tim foarte bine c\u0103 acest conflict comercial&hellip;<\/p>\n","protected":false},"author":0,"featured_media":45889,"comment_status":"open","ping_status":"open","sticky":false,"template":"","format":"standard","meta":{"footnotes":""},"categories":[3],"tags":[],"class_list":["post-45888","post","type-post","status-publish","format-standard","has-post-thumbnail","hentry","category-politica"],"_links":{"self":[{"href":"https:\/\/247stiri.ro\/index.php\/wp-json\/wp\/v2\/posts\/45888","targetHints":{"allow":["GET"]}}],"collection":[{"href":"https:\/\/247stiri.ro\/index.php\/wp-json\/wp\/v2\/posts"}],"about":[{"href":"https:\/\/247stiri.ro\/index.php\/wp-json\/wp\/v2\/types\/post"}],"replies":[{"embeddable":true,"href":"https:\/\/247stiri.ro\/index.php\/wp-json\/wp\/v2\/comments?post=45888"}],"version-history":[{"count":0,"href":"https:\/\/247stiri.ro\/index.php\/wp-json\/wp\/v2\/posts\/45888\/revisions"}],"wp:featuredmedia":[{"embeddable":true,"href":"https:\/\/247stiri.ro\/index.php\/wp-json\/wp\/v2\/media\/45889"}],"wp:attachment":[{"href":"https:\/\/247stiri.ro\/index.php\/wp-json\/wp\/v2\/media?parent=45888"}],"wp:term":[{"taxonomy":"category","embeddable":true,"href":"https:\/\/247stiri.ro\/index.php\/wp-json\/wp\/v2\/categories?post=45888"},{"taxonomy":"post_tag","embeddable":true,"href":"https:\/\/247stiri.ro\/index.php\/wp-json\/wp\/v2\/tags?post=45888"}],"curies":[{"name":"wp","href":"https:\/\/api.w.org\/{rel}","templated":true}]}}