{"id":45894,"date":"2025-04-08T12:44:51","date_gmt":"2025-04-08T12:44:51","guid":{"rendered":"https:\/\/247stiri.ro\/index.php\/2025\/04\/08\/adrian-alexandrov-rupe-tacerea-dupa-amanarea-procesului-elenei-udrea-in-romania-s-a-facut-politie-politica-dosarul-gala-bute-este-fabricat\/"},"modified":"2025-04-08T12:44:51","modified_gmt":"2025-04-08T12:44:51","slug":"adrian-alexandrov-rupe-tacerea-dupa-amanarea-procesului-elenei-udrea-in-romania-s-a-facut-politie-politica-dosarul-gala-bute-este-fabricat","status":"publish","type":"post","link":"https:\/\/247stiri.ro\/index.php\/2025\/04\/08\/adrian-alexandrov-rupe-tacerea-dupa-amanarea-procesului-elenei-udrea-in-romania-s-a-facut-politie-politica-dosarul-gala-bute-este-fabricat\/","title":{"rendered":"Adrian Alexandrov rupe t\u0103cerea dup\u0103 am\u00e2narea procesului Elenei Udrea: \u201d\u00cen Rom\u00e2nia s-a f\u0103cut poli\u021bie politic\u0103, dosarul Gala Bute este fabricat\u201d"},"content":{"rendered":"<p>\u201eSigur c\u0103 avocatul Elenei a depus o cerere prin care cere instan\u021bei s\u0103 cear\u0103 documentele de la Ministerul Justi\u021biei prin care s\u0103 arate c\u0103 s-a executat suplimentar fa\u021b\u0103 de ceea ce a executat p\u00e2n\u0103 acum Elena cele 3 luni din Costa Rica \u0219i cele 3 luni din Bulgaria.<\/p>\n<p>Ultimii ani de zile ne-au ar\u0103tat c\u0103 \u00een Rom\u00e2nia s-a f\u0103cut totu\u0219i poli\u021bie politic\u0103, iar dosarul Gala Bute, e clar pentru toat\u0103 lumea, e un dosar fabricat. P\u00e2n\u0103 la urm\u0103, Elena Udrea st\u0103 de 3 ani, daca nu chiar aproape 4, pentru mit\u0103 electorala, \u00eensemn\u00e2nd aplauzele din Gala Bute \u0219i s\u0103 nu uit\u0103m c\u0103 de 3 ani de zile nu a primit nicio zi de permisie s\u0103 vin\u0103 acas\u0103<\/p>\n<p>Cam tot ce a spus Elena Udrea s-a cam adeverit. Aduce\u021bi-v\u0103 aminte c\u0103 \u00een 2014 a fost singurul om politic care a avut curaj s\u0103 fac\u0103 acele denun\u021buri \u00eempotriva lui Coldea \u0219i Kove\u0219i\u201d, a declarat Adrian Alexandrov, partenerul Elenei Udrea, pentru Realitatea PLUS.<\/p>","protected":false},"excerpt":{"rendered":"<p>\u201eSigur c\u0103 avocatul Elenei a depus o cerere prin care cere instan\u021bei s\u0103 cear\u0103 documentele&hellip;<\/p>\n","protected":false},"author":0,"featured_media":45891,"comment_status":"open","ping_status":"open","sticky":false,"template":"","format":"standard","meta":{"footnotes":""},"categories":[2],"tags":[],"class_list":["post-45894","post","type-post","status-publish","format-standard","has-post-thumbnail","hentry","category-actual"],"_links":{"self":[{"href":"https:\/\/247stiri.ro\/index.php\/wp-json\/wp\/v2\/posts\/45894","targetHints":{"allow":["GET"]}}],"collection":[{"href":"https:\/\/247stiri.ro\/index.php\/wp-json\/wp\/v2\/posts"}],"about":[{"href":"https:\/\/247stiri.ro\/index.php\/wp-json\/wp\/v2\/types\/post"}],"replies":[{"embeddable":true,"href":"https:\/\/247stiri.ro\/index.php\/wp-json\/wp\/v2\/comments?post=45894"}],"version-history":[{"count":0,"href":"https:\/\/247stiri.ro\/index.php\/wp-json\/wp\/v2\/posts\/45894\/revisions"}],"wp:featuredmedia":[{"embeddable":true,"href":"https:\/\/247stiri.ro\/index.php\/wp-json\/wp\/v2\/media\/45891"}],"wp:attachment":[{"href":"https:\/\/247stiri.ro\/index.php\/wp-json\/wp\/v2\/media?parent=45894"}],"wp:term":[{"taxonomy":"category","embeddable":true,"href":"https:\/\/247stiri.ro\/index.php\/wp-json\/wp\/v2\/categories?post=45894"},{"taxonomy":"post_tag","embeddable":true,"href":"https:\/\/247stiri.ro\/index.php\/wp-json\/wp\/v2\/tags?post=45894"}],"curies":[{"name":"wp","href":"https:\/\/api.w.org\/{rel}","templated":true}]}}