{"id":45908,"date":"2025-04-08T13:45:24","date_gmt":"2025-04-08T13:45:24","guid":{"rendered":"https:\/\/247stiri.ro\/index.php\/2025\/04\/08\/sarbii-au-strans-600-000-de-semnaturi-pentru-a-cere-ancheta-onu-in-legatura-cu-utilizarea-unui-tun-acustic-in-timpul-protestelor\/"},"modified":"2025-04-08T13:45:24","modified_gmt":"2025-04-08T13:45:24","slug":"sarbii-au-strans-600-000-de-semnaturi-pentru-a-cere-ancheta-onu-in-legatura-cu-utilizarea-unui-tun-acustic-in-timpul-protestelor","status":"publish","type":"post","link":"https:\/\/247stiri.ro\/index.php\/2025\/04\/08\/sarbii-au-strans-600-000-de-semnaturi-pentru-a-cere-ancheta-onu-in-legatura-cu-utilizarea-unui-tun-acustic-in-timpul-protestelor\/","title":{"rendered":"S\u00e2rbii au str\u00e2ns 600.000 de semn\u0103turi pentru a cere anchet\u0103 ONU \u00een leg\u0103tur\u0103 cu utilizarea unui tun acustic \u00een timpul protestelor"},"content":{"rendered":"<p>La 15 martie, pu\u021bin dup\u0103 ora local\u0103 19:00, \u00een timp ce sute de mii de persoane manifestau la Belgrad \u00eempotriva corup\u021biei \u0219i pentru un stat de drept, o parte din mul\u021bime a fost cuprins\u0103 de o stare de panic\u0103, provocat\u0103 &#8211; conform mai multor martori &#8211; de un zgomot necunoscut.\u00cen timp ce manifestan\u021bii p\u0103strau un moment de reculegere, mul\u021bimea s-a \u00eempr\u0103\u0219tiat brusc, f\u0103r\u0103 niciun motiv aparent pe un bulevard din centrul Belgradului. Opozi\u021bia \u0219i manifestan\u021bii acuz\u0103 de atunci poli\u021bia de utilizarea unui tun sonic (LRAD &#8211; Long Range Acoustic Device), un dispozitiv militar utilizat pentru dispersarea mul\u021bimilor, sau a unui dispozitiv similar.<\/p>\n<p>Unii manifestan\u021bi au relatat c\u0103 au avut impresia c\u0103 aud un sunet asem\u0103n\u0103tor celui al unui avion pe cale s\u0103 se pr\u0103bu\u0219easc\u0103, iar al\u021bii l-au comparat cu zgomotul unei ma\u0219ini care se \u00eendrepta spre ei \u00een mare vitez\u0103.Peti\u021bia transmis\u0103 mar\u021bi ONU, la ini\u021biativa mi\u0219c\u0103rii politice KreniPromeni (Go for Change), cere deschiderea unei anchete interna\u021bionale independente asupra incidentului, inclusiv impactul s\u0103u medical, \u0219i solicit\u0103 de asemenea ca cei care au ordonat, permis \u0219i utilizat o astfel de arm\u0103 s\u0103 fie deferi\u021bi justi\u021biei.<\/p>\n<p><a title=\"Presedintele Serbiei ii cheama pe expertii rusi de la FSB ca sa demonstreze ca nu a folosit arma sonica impotriva manifestantilor\" href=\"https:\/\/www.realitatea.net\/stiri\/actual\/presedintele-serbiei-a-adus-expertii-rusi-de-la-fsb-ca-sa-demonstreze-ca-nu-a-folosit-arma-sonica-impotriva-manifestantilor_67e9832ad687131bc93d66bf\">Pre\u0219edintele Serbiei \u00eei cheam\u0103 pe exper\u021bii ru\u0219i de la FSB ca s\u0103 demonstreze c\u0103 nu a folosit arma sonic\u0103 \u00eempotriva manifestan\u021bilor<\/a>Num\u0103rul de semn\u0103turi este o \u201ddovad\u0103 a gradului de con\u0219tiin\u021b\u0103\u201d al societ\u0103\u021bii s\u00e2rbe, a salutat pre\u0219edintele KreniPrmeni, Savo Manojlovic, care a predat peti\u021bia.<\/p>\n<p>Autorit\u0103\u021bile s\u00e2rbe au negat la \u00eenceput c\u0103 ar de\u021bine o arm\u0103 acustic\u0103, dar fotografii publicate a doua zi dup\u0103 manifesta\u021bie, care ar\u0103tau un vehicul al poli\u021biei echipat cu un aparat asem\u0103n\u0103tor cu un dispozitiv acustic LRAD 450, le-au for\u021bat s\u0103-\u0219i schimbe discursul, scrie Agerpres.Ministrul de interne s\u00e2rb Ivica Dacic a confirmat apoi c\u0103 poli\u021bia dispune de un astfel de echipament, dar a negat utilizarea sa, \u00een timp ce pre\u0219edintele Aleksandar Vucic a denun\u021bat &#8222;minciuni\u201d.Specula\u021biile \u00een jurul acestui tip de dispozitiv au fost reluate luni, dup\u0103 ce fostul vicepremier s\u00e2rb Cedomir Jovanovic (2003-2004), ne\u0219tiind c\u0103 vorbe\u0219te \u00een direct, a explicat pe un platou de televiziune c\u0103 \u00eentr-adev\u0103r a fost utilizat\u0103 o arm\u0103 acustic\u0103.\u201dCeva a scos un sunet ca de tunet. Indiferent dac\u0103 era zgomotul unui camion sau al unui avion, nu conta. Nu era menit s\u0103 r\u0103neasc\u0103, ci doar s\u0103 sperie &#8211; ca o ma\u0219in\u0103 care vine \u00een mare vitez\u0103 spre tine\u201d, a spus el, crez\u00e2nd c\u0103 microfonul este oprit.<\/p>\n<p><a title=\"Firmele statului paralel, contracte de milioane de la buget. Cum vrea fugarul Sebastian Ghita sa-si asigure imunitatea in tara\" href=\"https:\/\/www.realitatea.net\/stiri\/politica\/firmele-statului-paralel-contracte-de-milioane-de-la-buget-cum-vrea-fugarul-sebastian-ghita-sasi-asigure-imunitatea-in-tara_67f3669a5c2ec83c1c79fd52\">Firmele statului paralel, contracte de milioane de la buget. Cum vrea fugarul Sebastian Ghi\u021b\u0103 s\u0103-\u0219i asigure imunitatea \u00een \u021bar\u0103<\/a>Serbia se confrunt\u0103 cu mi\u0219c\u0103ri de protest \u00een mas\u0103 dup\u0103 accidentul de la Novi Sad din noiembrie trecut c\u00e2nd cel pu\u021bin 15 persoane au murit \u00een urma pr\u0103bu\u0219irii unei p\u0103r\u021bi a acoperi\u0219ului g\u0103rii feroviare, recent renovat. Mii de oameni, \u00een special studen\u021bi, au ie\u0219it de atunci periodic \u00een strad\u0103 cer\u00e2nd autorit\u0103\u021bilor ca cei care se fac vinova\u021bi de tragedie s\u0103 fie tra\u0219i la r\u0103spundere, denun\u021b\u00e2nd gradul \u00eenalt de corup\u021bie la v\u00e2rful clasei politice de la guvernare. \u00cen acela\u0219i timp, autorit\u0103\u021bile de la Belgrad &#8211; sus\u021binute de Moscova &#8211; au acuzat for\u021be din exterior care ar instrumenta protestele pentru schimbarea puterii \u00een Serbia.<\/p>\n<p>Pre\u0219edintele Aleksandar Vucic, care a fost for\u021bat la schimb\u0103ri la v\u00e2rful guvernului, a declarat mar\u021bi c\u0103 Serbia a fost condus\u0103 &#8222;de fric\u0103 \u0219i teroare \u00een ultimele cinci luni, dar c\u0103, indiferent de circumstan\u021be, statul nu trebuie s\u0103 cad\u0103 \u0219i nu va c\u0103dea&#8221;, invit\u00e2ndu-i pe s\u00e2rbi s\u0103 se adune \u00een fa\u021ba cl\u0103dirii Adun\u0103rii Na\u021bionale (parlamentul) din Belgrad s\u00e2mb\u0103t\u0103, potrivit Tanjug.Conform mai multor media s\u00e2rbe, Vucic a convocat pentru aceast\u0103 dat\u0103 o mare adunare \u00een capitala \u021b\u0103rii cu ocazia \u00eenfiin\u021b\u0103rii unei noi mi\u0219c\u0103ri politice propreziden\u021biale intitulate \u201dPentru popor \u0219i stat\u201d.\u00a0<\/p>\n<p><a title=\"Presedintele Aleksandar Vucic propune un medic pentru a conduce viitorul guvern din Serbia\" href=\"https:\/\/www.realitatea.net\/stiri\/extern\/presedintele-aleksandar-vucic-propune-un-medic-pentru-a-conduce-viitorul-guvern-din-serbia_67f360a57c7318045676a6a2\">Pre\u0219edintele Aleksandar Vucic propune un medic pentru a conduce viitorul guvern din Serbia<\/a><\/p>","protected":false},"excerpt":{"rendered":"<p>La 15 martie, pu\u021bin dup\u0103 ora local\u0103 19:00, \u00een timp ce sute de mii de&hellip;<\/p>\n","protected":false},"author":0,"featured_media":45907,"comment_status":"open","ping_status":"open","sticky":false,"template":"","format":"standard","meta":{"footnotes":""},"categories":[2],"tags":[],"class_list":["post-45908","post","type-post","status-publish","format-standard","has-post-thumbnail","hentry","category-actual"],"_links":{"self":[{"href":"https:\/\/247stiri.ro\/index.php\/wp-json\/wp\/v2\/posts\/45908","targetHints":{"allow":["GET"]}}],"collection":[{"href":"https:\/\/247stiri.ro\/index.php\/wp-json\/wp\/v2\/posts"}],"about":[{"href":"https:\/\/247stiri.ro\/index.php\/wp-json\/wp\/v2\/types\/post"}],"replies":[{"embeddable":true,"href":"https:\/\/247stiri.ro\/index.php\/wp-json\/wp\/v2\/comments?post=45908"}],"version-history":[{"count":0,"href":"https:\/\/247stiri.ro\/index.php\/wp-json\/wp\/v2\/posts\/45908\/revisions"}],"wp:featuredmedia":[{"embeddable":true,"href":"https:\/\/247stiri.ro\/index.php\/wp-json\/wp\/v2\/media\/45907"}],"wp:attachment":[{"href":"https:\/\/247stiri.ro\/index.php\/wp-json\/wp\/v2\/media?parent=45908"}],"wp:term":[{"taxonomy":"category","embeddable":true,"href":"https:\/\/247stiri.ro\/index.php\/wp-json\/wp\/v2\/categories?post=45908"},{"taxonomy":"post_tag","embeddable":true,"href":"https:\/\/247stiri.ro\/index.php\/wp-json\/wp\/v2\/tags?post=45908"}],"curies":[{"name":"wp","href":"https:\/\/api.w.org\/{rel}","templated":true}]}}